{"id":383,"date":"2011-12-19T09:46:20","date_gmt":"2011-12-19T08:46:20","guid":{"rendered":"http:\/\/blogs.deia.com\/desmarcados\/?p=383"},"modified":"2011-12-19T10:03:10","modified_gmt":"2011-12-19T09:03:10","slug":"3-6-5-el-duopolio-audiovisual","status":"publish","type":"post","link":"https:\/\/blogs.deia.eus\/desmarcados\/2011\/12\/19\/3-6-5-el-duopolio-audiovisual\/","title":{"rendered":"3 + 6 = 5. El duopolio audiovisual"},"content":{"rendered":"<p><a href=\"http:\/\/blogs.deia.com\/desmarcados\/files\/2011\/12\/1.jpg\"><img loading=\"lazy\" decoding=\"async\" class=\"aligncenter size-full wp-image-391\" src=\"http:\/\/blogs.deia.com\/desmarcados\/files\/2011\/12\/1.jpg\" alt=\"\" width=\"627\" height=\"259\" srcset=\"https:\/\/blogs.deia.eus\/desmarcados\/files\/2011\/12\/1.jpg 1459w, https:\/\/blogs.deia.eus\/desmarcados\/files\/2011\/12\/1-300x124.jpg 300w, https:\/\/blogs.deia.eus\/desmarcados\/files\/2011\/12\/1-1024x423.jpg 1024w\" sizes=\"auto, (max-width: 627px) 100vw, 627px\" \/><\/a><\/p>\n<div>\n<p>LAS paradojas estimulan el pensamiento porque desaf\u00edan la l\u00f3gica. Y no hay en nuestro tiempo paradoja m\u00e1s desconcertante que las fusiones empresariales, donde la suma de dos, a veces, es una resta. \u00bfA qu\u00e9 viene entonces ese af\u00e1n de juntarse para empeque\u00f1ecer? Ocurre que los perdedores no son los que se unen, que se dan un fest\u00edn de ahorro y sinergias, sino el libre mercado y la sociedad democr\u00e1tica. Tambi\u00e9n ahora la suma corporativa entre Antena 3 y La Sexta va a dar como resultado una resta en muchas de sus variables y, espec\u00edficamente, en pluralismo, competencia y equilibrio del sistema. La absorci\u00f3n, que no fusi\u00f3n, de la peque\u00f1a por la grande abre una gran inc\u00f3gnita y ensombrece el panorama de la tele que tiende al duopolio entre Telecinco y Antena 3, un Bar\u00e7a-Real Madrid audiovisual, un disyuntivo PP o PSOE, una tiran\u00eda bic\u00e9fala que reforzar\u00e1 Rajoy con la venta, minoraci\u00f3n o cierre de las cadenas p\u00fablicas.<\/p>\n<p>\u00bfQu\u00e9 obtiene Antena 3 con esta agregaci\u00f3n? Dimensi\u00f3n para disputar el liderazgo a Berlusconi con contenidos deportivos -f\u00fatbol, F\u00f3rmula 1, baloncesto- y algunas singularidades creativas que necesitaba para resolver su estancamiento. Su c\u00e1lculo es que 3+6 sumen 5, porque su obsesi\u00f3n es homologarse a Telecinco. \u00bfY qu\u00e9 gana La Sexta? Salvar la quiebra financiera a la que le ha conducido su delirante modelo de gesti\u00f3n sustentado en la compra de exclusivas deportivas muy por encima del valor real. Es asombrosa la semejanza entre Zapatero y Jaume Roures: dos demagogos, dos manirrotos, dos iluminados, dos socialistas\u2026 y el mismo destino decadente.<\/p>\n<p>\u00bfY qu\u00e9 perdemos los dem\u00e1s? Pluralismo informativo, capacidad de divergencia, diversidad cr\u00edtica, alternativas. Tambi\u00e9n se consumar\u00e1 la concentraci\u00f3n publicitaria, que elevar\u00e1 el precio de las cosas. Toda una mafia. El modelo televisivo espa\u00f1ol se italianiza a\u00fan m\u00e1s y consolida su canon de entretenimiento alienante. Paolo Vasile y Maurizio Carlotti, l\u00edderes de Telecinco y Antena 3, respectivamente, forman ya el nuevo Gobierno de Espa\u00f1a, y no Mariano Rajoy, su siervo.<\/p>\n<\/div>\n<!-- AddThis Advanced Settings generic via filter on the_content --><!-- AddThis Share Buttons generic via filter on the_content -->","protected":false},"excerpt":{"rendered":"<p>LAS paradojas estimulan el pensamiento porque desaf\u00edan la l\u00f3gica. Y no hay en nuestro tiempo paradoja m\u00e1s desconcertante que las fusiones empresariales, donde la suma de dos, a veces, es una resta. \u00bfA qu\u00e9 viene entonces ese af\u00e1n de juntarse para empeque\u00f1ecer? Ocurre que los perdedores no son los que se unen, que se dan &hellip; <a href=\"https:\/\/blogs.deia.eus\/desmarcados\/2011\/12\/19\/3-6-5-el-duopolio-audiovisual\/\" class=\"more-link\">Sigue leyendo <span class=\"screen-reader-text\">3 + 6 = 5. El duopolio audiovisual<\/span><\/a><!-- AddThis Advanced Settings generic via filter on get_the_excerpt --><!-- AddThis Share Buttons generic via filter on get_the_excerpt --><\/p>\n","protected":false},"author":46,"featured_media":0,"comment_status":"open","ping_status":"open","sticky":false,"template":"","format":"standard","meta":{"footnotes":""},"categories":[1],"tags":[],"class_list":["post-383","post","type-post","status-publish","format-standard","hentry","category-sin-categoria"],"_links":{"self":[{"href":"https:\/\/blogs.deia.eus\/desmarcados\/wp-json\/wp\/v2\/posts\/383","targetHints":{"allow":["GET"]}}],"collection":[{"href":"https:\/\/blogs.deia.eus\/desmarcados\/wp-json\/wp\/v2\/posts"}],"about":[{"href":"https:\/\/blogs.deia.eus\/desmarcados\/wp-json\/wp\/v2\/types\/post"}],"author":[{"embeddable":true,"href":"https:\/\/blogs.deia.eus\/desmarcados\/wp-json\/wp\/v2\/users\/46"}],"replies":[{"embeddable":true,"href":"https:\/\/blogs.deia.eus\/desmarcados\/wp-json\/wp\/v2\/comments?post=383"}],"version-history":[{"count":3,"href":"https:\/\/blogs.deia.eus\/desmarcados\/wp-json\/wp\/v2\/posts\/383\/revisions"}],"predecessor-version":[{"id":388,"href":"https:\/\/blogs.deia.eus\/desmarcados\/wp-json\/wp\/v2\/posts\/383\/revisions\/388"}],"wp:attachment":[{"href":"https:\/\/blogs.deia.eus\/desmarcados\/wp-json\/wp\/v2\/media?parent=383"}],"wp:term":[{"taxonomy":"category","embeddable":true,"href":"https:\/\/blogs.deia.eus\/desmarcados\/wp-json\/wp\/v2\/categories?post=383"},{"taxonomy":"post_tag","embeddable":true,"href":"https:\/\/blogs.deia.eus\/desmarcados\/wp-json\/wp\/v2\/tags?post=383"}],"curies":[{"name":"wp","href":"https:\/\/api.w.org\/{rel}","templated":true}]}}