{"id":395,"date":"2011-12-29T21:36:47","date_gmt":"2011-12-29T20:36:47","guid":{"rendered":"http:\/\/blogs.deia.com\/desmarcados\/?p=395"},"modified":"2011-12-30T13:08:49","modified_gmt":"2011-12-30T12:08:49","slug":"pnv-y-pse-hacia-el-desencuentro-total","status":"publish","type":"post","link":"https:\/\/blogs.deia.eus\/desmarcados\/2011\/12\/29\/pnv-y-pse-hacia-el-desencuentro-total\/","title":{"rendered":"PNV y PSE, condenados a no entenderse"},"content":{"rendered":"<p><a href=\"http:\/\/blogs.deia.com\/desmarcados\/files\/2011\/12\/Boxeo.jpg\"><img loading=\"lazy\" decoding=\"async\" class=\"aligncenter size-full wp-image-396\" src=\"http:\/\/blogs.deia.com\/desmarcados\/files\/2011\/12\/Boxeo.jpg\" alt=\"\" width=\"649\" height=\"434\" srcset=\"https:\/\/blogs.deia.eus\/desmarcados\/files\/2011\/12\/Boxeo.jpg 594w, https:\/\/blogs.deia.eus\/desmarcados\/files\/2011\/12\/Boxeo-300x201.jpg 300w\" sizes=\"auto, (max-width: 649px) 100vw, 649px\" \/><\/a><\/p>\n<p>Juguemos a las teor\u00edas, que es el ensayo de las decisiones de futuro a partir de una serie de datos y tendencias. Es lo que se hace en los consejos ejecutivos de las organizaciones y en las consultor\u00edas estrat\u00e9gicas. Centrados en Euskadi, <strong>\u00bfqu\u00e9 pasa con las relaciones entre el PNV y el PSE, que en otro tiempo constitu\u00edan con su alianza el eje de la sociedad vasca?<\/strong> \u00bfC\u00f3mo se ha llegado a esta situaci\u00f3n de desencuentro hasta la plena hostilidad? \u00bfHasta qu\u00e9 punto esta ausencia de sinton\u00eda perjudica a ambas formaciones y al conjunto de la CAV? Anticipo mi opini\u00f3n en el sentido de que la putrefacci\u00f3n de las relaciones entre nacionalistas y socialistas constituye un desastre en s\u00ed mismo y un perjuicio para todos.<\/p>\n<p>&#8211; Hip\u00f3tesis m\u00e1s favorable: <strong>para un pa\u00eds plural como el nuestro los acuerdos realmente transversales son imprescindibles<\/strong>.<\/p>\n<p>&#8211; Hip\u00f3tesis condicional: <strong>antes que un acuerdo transversal debe existir un equilibrio entre las fuerzas antag\u00f3nicas.<\/strong> Siendo los poderes del Estado -legal, institucional, econ\u00f3mico y de capacidad coercitiva- superiores a los de Euskadi, <strong>podr\u00eda ser necesario un reequilibrio de fuerzas mediante un potente pacto abertzale n\u00edtidamente democr\u00e1tico.<\/strong><\/p>\n<p>El principio del problema es que <strong>el PSE no se ha descabalgado todav\u00eda de la reacci\u00f3n contra el Pacto de Lizarra,<\/strong> que data de 1998. Han trascurrido m\u00e1s de trece a\u00f1os y sigue todav\u00eda instalado en su actitud antinacionalista, a\u00fan despu\u00e9s de que aquel acuerdo (bien intencionado, pero mal planteado) perdiera su virtualidad con la ruptura por ETA de la tregua en noviembre de 1999. Desde entonces, los socialistas han dedicado todas sus energ\u00edas a la expulsi\u00f3n del PNV del poder como m\u00e9todo de apaciguamiento soberanista. Fallaron en 2001 y 2005, pero lo consiguieron en 2009 mediante la alianza estrat\u00e9gica con el PP y previa ilegalizaci\u00f3n de la izquierda abertzale, producto de lo cual es el actual Gobierno vasco presidido por Patxi L\u00f3pez con el apoyo imprescindible de Basagoiti y todo el entramado pol\u00edtico, econ\u00f3mico, medi\u00e1tico, sindical e institucional del Estado espa\u00f1ol. Y ah\u00ed siguen.<\/p>\n<p>En este contexto, el nacionalismo percibe con dolor incontenible y profundo rechazo su aislamiento de un poder que por legitimidad de las urnas y deseo de la mayor\u00eda social le corresponder\u00eda. <strong>\u00bfC\u00f3mo tener buenas relaciones o pactos con quien te ha arrebatado con malas artes la primac\u00eda institucional?<\/strong> El desencuentro entre nacionalistas y socialistas es, pues, irremediable en tanto el PSE mantenga sus alianzas con el PP para \u201cdesabertzalizar\u201d Euskadi. <strong>No hay la menor posibilidad de un restablecimiento de las relaciones entre PNV y PSE,<\/strong> m\u00e1s all\u00e1 de las reglas de cortes\u00eda y de que el PNV, para profundizar en las contradicciones de los socialistas vascos, negociara contradictoriamente determinadas ventajas puntuales con Zapatero, jefe del plan de castigo espa\u00f1ol al PNV.<\/p>\n<p>L\u00f3pez y su partido est\u00e1n presos de sus planes antinacionalistas y ahora, sin las coartadas de ETA o planes soberanistas, no pueden salir del laberinto en el que se han extraviado sin salida. A esto a\u00f1aden que sus resultados electorales, tanto en locales como en generales, han sido los peores de su historia, con visos de empeoramiento a corto plazo.<\/p>\n<p>El juego de las teor\u00edas dice en una de sus reglas que<strong> para salir de una situaci\u00f3n p\u00e9sima hay que llevarla hasta sus \u00faltimas consecuencias, hasta el enfrentamiento absoluto y su descomposici\u00f3n.<\/strong> En esta situaci\u00f3n estamos. El combate continuar\u00e1 hasta que L\u00f3pez caiga con su Gobierno. No habr\u00e1 concesiones porque no va a tirar la toalla.<\/p>\n<p>Asistimos a un cruento enfrentamiento entre los bloques en asuntos de m\u00e1s o menos importancia: Metro Bilbao, Cajas, EITB, Ley Municipal, euskera, educaci\u00f3n, fiscalidad, paz\u2026 <strong>Y as\u00ed van a seguir las cosas, hasta el total pudrimiento de las relaciones. Porque se mantiene el problema divisor (la estrategia antinacionalista)<\/strong> y porque el PSE ha optado por situar en el cuadril\u00e1tero a los m\u00e1s agresivos, fundamentalmente Pastor, Mendia, Arriola, Ares y ha marginado a los m\u00e1s moderados, Jauregui, Eguiguren, Prieto\u2026 As\u00ed las cosas, PNV y PSE est\u00e1n condenados al desentendimiento.<\/p>\n<p>Pero, \u00bfqu\u00e9 acontecer\u00e1 despu\u00e9s del pudrimiento total de las relaciones PNV-PSE? \u00bfEs posible atisbar un acuerdo entre ambos tras las elecciones auton\u00f3micas?<\/p>\n<p>Para que los contactos de convivencia y acuerdo entre los dos partidos sean posibles, una vez puesto fin al acuerdo antinacionalista PSE+PP y liquidados de la primera fila pol\u00edtica L\u00f3pez, Ares y Pastor, ser\u00eda posible un acuerdo alternativo entre PNV y PSE si se dan las siguientes condiciones:<\/p>\n<p><strong> 1. Que el PNV no pueda encontrar en Amaiur un acuerdo sobre bases realistas para el avance de la soberan\u00eda vasca<\/strong>, un pacto necesario y deseable que depende de la capacidad de la izquierda abertzale de no lanzarse a lo imposible.<\/p>\n<p><strong> 2. Que el PSE acepte alg\u00fan tipo de revisi\u00f3n del marco pol\u00edtico vasco, <\/strong>aproximado a lo que fue la revisi\u00f3n del Estatuto planteada en su d\u00eda por el Lehendakari Ibarretxe.<\/p>\n<p><strong> 3. Que el PSE no se suicide con un pacto de gobierno con Amaiur<\/strong>.<\/p>\n<p><strong> 4. Que el fracaso de los dos primeros puntos no proyecte al PNV a un acuerdo con el PP,<\/strong> poco deseable por la mayor\u00eda, pero no descartable en funci\u00f3n de la evoluci\u00f3n de Rajoy y Basagoiti o como\u00a0 \u00faltima soluci\u00f3n institucional.<\/p>\n<p>Como, siguiendo el juego de las teor\u00edas, veo poco maduro a la izquierda abertzale para un pacto hist\u00f3rico y ponderado con el PNV, <strong>ser\u00e1 necesario que el PSE comprenda y acepte la necesidad de renovar el \u201ctraje pol\u00edtico vasco\u201d, actualmente viejo y estrecho de costuras, y de emprender en Euskadi una nueva transici\u00f3n<\/strong>, hacia una relaci\u00f3n confederal con el Estado espa\u00f1ol.<\/p>\n<p>Entiendo que el acuerdo trasversal es lo m\u00e1s deseable para la pr\u00f3xima d\u00e9cada, incluso m\u00e1s que el pacto abertzale PNV-Amaiur. Para eso, y una vez llevada hasta sus \u00faltimas consecuencias las relaciones PNV-PSE, <strong>ser\u00e1 necesario que el PSE supere sus contracciones con Espa\u00f1a para avanzar hacia un acuerdo que supere el actual Estatuto, y que el PNV no tenga v\u00e9rtigo a dejar al margen, por ahora, a Amaiur.<\/strong><\/p>\n<p>Pero todo son teor\u00edas. Un juego ingenuo.<\/p>\n<!-- AddThis Advanced Settings generic via filter on the_content --><!-- AddThis Share Buttons generic via filter on the_content -->","protected":false},"excerpt":{"rendered":"<p>Juguemos a las teor\u00edas, que es el ensayo de las decisiones de futuro a partir de una serie de datos y tendencias. Es lo que se hace en los consejos ejecutivos de las organizaciones y en las consultor\u00edas estrat\u00e9gicas. Centrados en Euskadi, \u00bfqu\u00e9 pasa con las relaciones entre el PNV y el PSE, que en &hellip; <a href=\"https:\/\/blogs.deia.eus\/desmarcados\/2011\/12\/29\/pnv-y-pse-hacia-el-desencuentro-total\/\" class=\"more-link\">Sigue leyendo <span class=\"screen-reader-text\">PNV y PSE, condenados a no entenderse<\/span><\/a><!-- AddThis Advanced Settings generic via filter on get_the_excerpt --><!-- AddThis Share Buttons generic via filter on get_the_excerpt --><\/p>\n","protected":false},"author":46,"featured_media":0,"comment_status":"open","ping_status":"open","sticky":false,"template":"","format":"standard","meta":{"footnotes":""},"categories":[1],"tags":[],"class_list":["post-395","post","type-post","status-publish","format-standard","hentry","category-sin-categoria"],"_links":{"self":[{"href":"https:\/\/blogs.deia.eus\/desmarcados\/wp-json\/wp\/v2\/posts\/395","targetHints":{"allow":["GET"]}}],"collection":[{"href":"https:\/\/blogs.deia.eus\/desmarcados\/wp-json\/wp\/v2\/posts"}],"about":[{"href":"https:\/\/blogs.deia.eus\/desmarcados\/wp-json\/wp\/v2\/types\/post"}],"author":[{"embeddable":true,"href":"https:\/\/blogs.deia.eus\/desmarcados\/wp-json\/wp\/v2\/users\/46"}],"replies":[{"embeddable":true,"href":"https:\/\/blogs.deia.eus\/desmarcados\/wp-json\/wp\/v2\/comments?post=395"}],"version-history":[{"count":5,"href":"https:\/\/blogs.deia.eus\/desmarcados\/wp-json\/wp\/v2\/posts\/395\/revisions"}],"predecessor-version":[{"id":402,"href":"https:\/\/blogs.deia.eus\/desmarcados\/wp-json\/wp\/v2\/posts\/395\/revisions\/402"}],"wp:attachment":[{"href":"https:\/\/blogs.deia.eus\/desmarcados\/wp-json\/wp\/v2\/media?parent=395"}],"wp:term":[{"taxonomy":"category","embeddable":true,"href":"https:\/\/blogs.deia.eus\/desmarcados\/wp-json\/wp\/v2\/categories?post=395"},{"taxonomy":"post_tag","embeddable":true,"href":"https:\/\/blogs.deia.eus\/desmarcados\/wp-json\/wp\/v2\/tags?post=395"}],"curies":[{"name":"wp","href":"https:\/\/api.w.org\/{rel}","templated":true}]}}