{"id":411,"date":"2012-01-09T09:08:27","date_gmt":"2012-01-09T08:08:27","guid":{"rendered":"http:\/\/blogs.deia.com\/desmarcados\/?p=411"},"modified":"2012-01-09T09:09:00","modified_gmt":"2012-01-09T08:09:00","slug":"devuelvame-la-publi","status":"publish","type":"post","link":"https:\/\/blogs.deia.eus\/desmarcados\/2012\/01\/09\/devuelvame-la-publi\/","title":{"rendered":"Devu\u00e9lvame la publi"},"content":{"rendered":"<p><a href=\"http:\/\/blogs.deia.com\/desmarcados\/files\/2012\/01\/silvio_berlusconi_0.jpg\"><img loading=\"lazy\" decoding=\"async\" class=\"aligncenter size-full wp-image-412\" src=\"http:\/\/blogs.deia.com\/desmarcados\/files\/2012\/01\/silvio_berlusconi_0.jpg\" alt=\"\" width=\"557\" height=\"451\" srcset=\"https:\/\/blogs.deia.eus\/desmarcados\/files\/2012\/01\/silvio_berlusconi_0.jpg 384w, https:\/\/blogs.deia.eus\/desmarcados\/files\/2012\/01\/silvio_berlusconi_0-300x243.jpg 300w\" sizes=\"auto, (max-width: 557px) 100vw, 557px\" \/><\/a><\/p>\n<p>\u00bfCu\u00e1ntas razones necesita usted para convencerse de que TVE debe volver a emitir publicidad? Hay unas 200, tantas como millones de euros le ha recortado Rajoy al presupuesto de la corporaci\u00f3n. La primera es la obligaci\u00f3n de revertir una de las peores fechor\u00edas de Zapatero, hombre pr\u00f3digo con el dinero ajeno, que traspas\u00f3 a las cadenas privadas todo lo que facturaba la televisi\u00f3n estatal a cambio de que le mimaran en los informativos. Si 550 kilos no le parece una raz\u00f3n de peso, atienda esta otra: la p\u00e9rdida de los anuncios signific\u00f3 que desde entonces los ciudadanos tendr\u00edamos que financiar solidariamente el pleno sostenimiento de RTVE, mientras el poder medi\u00e1tico lucrativo consegu\u00eda el monopolio publicitario y multiplicaba sus beneficios, es decir, nuestros maleficios. \u00bfQuiere usted hacer m\u00e1s rico a Berlusconi?<\/p>\n<p>Est\u00e1 tambi\u00e9n la gran raz\u00f3n democr\u00e1tica. Me explico. El espacio radioel\u00e9ctrico es de dominio p\u00fablico, a la vez que la comunicaci\u00f3n social constituye un servicio estrat\u00e9gico cuyo inter\u00e9s general debe estar garantizado. Y para que la democracia no peligre por el control particular de este sector tan sensible, necesitamos una televisi\u00f3n p\u00fablica potente que contrapese la fuerza ego\u00edsta de los medios empresariales, lo que implica recursos econ\u00f3micos e inteligencia gestora. Ceder la publicidad es una concesi\u00f3n negligente, porque a la vez que aumenta la hegemon\u00eda de lo privado reduce la fuerza de lo colectivo. En este desequilibrio est\u00e1 la contingencia de una tiran\u00eda invisible. El mensaje de que la televisi\u00f3n p\u00fablica es el instrumento propagand\u00edstico del partido de turno, siendo una desgraciada verdad -en mayor o menor medida, seg\u00fan los casos-, no es m\u00e1s que la corrosiva farsa de quienes aspiran, con nuestra c\u00f3mplice estupidez, a implantar el sistema de la codicia.<\/p>\n<p>Pero Rajoy, mire usted, no atiende a razones: apoy\u00f3 entonces el saqueo de la publi y ahora tiene un compromiso para el exterminio de las auton\u00f3micas. UTECA y el PP son socios en este negocio canalla. Pronto vendr\u00e1n a por ETB.\u00a0\u00a0\u00a0  \u00bfO ya est\u00e1n aqu\u00ed?<\/p>\n<!-- AddThis Advanced Settings generic via filter on the_content --><!-- AddThis Share Buttons generic via filter on the_content -->","protected":false},"excerpt":{"rendered":"<p>\u00bfCu\u00e1ntas razones necesita usted para convencerse de que TVE debe volver a emitir publicidad? Hay unas 200, tantas como millones de euros le ha recortado Rajoy al presupuesto de la corporaci\u00f3n. La primera es la obligaci\u00f3n de revertir una de las peores fechor\u00edas de Zapatero, hombre pr\u00f3digo con el dinero ajeno, que traspas\u00f3 a las &hellip; <a href=\"https:\/\/blogs.deia.eus\/desmarcados\/2012\/01\/09\/devuelvame-la-publi\/\" class=\"more-link\">Sigue leyendo <span class=\"screen-reader-text\">Devu\u00e9lvame la publi<\/span><\/a><!-- AddThis Advanced Settings generic via filter on get_the_excerpt --><!-- AddThis Share Buttons generic via filter on get_the_excerpt --><\/p>\n","protected":false},"author":46,"featured_media":0,"comment_status":"open","ping_status":"open","sticky":false,"template":"","format":"standard","meta":{"footnotes":""},"categories":[1],"tags":[],"class_list":["post-411","post","type-post","status-publish","format-standard","hentry","category-sin-categoria"],"_links":{"self":[{"href":"https:\/\/blogs.deia.eus\/desmarcados\/wp-json\/wp\/v2\/posts\/411","targetHints":{"allow":["GET"]}}],"collection":[{"href":"https:\/\/blogs.deia.eus\/desmarcados\/wp-json\/wp\/v2\/posts"}],"about":[{"href":"https:\/\/blogs.deia.eus\/desmarcados\/wp-json\/wp\/v2\/types\/post"}],"author":[{"embeddable":true,"href":"https:\/\/blogs.deia.eus\/desmarcados\/wp-json\/wp\/v2\/users\/46"}],"replies":[{"embeddable":true,"href":"https:\/\/blogs.deia.eus\/desmarcados\/wp-json\/wp\/v2\/comments?post=411"}],"version-history":[{"count":2,"href":"https:\/\/blogs.deia.eus\/desmarcados\/wp-json\/wp\/v2\/posts\/411\/revisions"}],"predecessor-version":[{"id":415,"href":"https:\/\/blogs.deia.eus\/desmarcados\/wp-json\/wp\/v2\/posts\/411\/revisions\/415"}],"wp:attachment":[{"href":"https:\/\/blogs.deia.eus\/desmarcados\/wp-json\/wp\/v2\/media?parent=411"}],"wp:term":[{"taxonomy":"category","embeddable":true,"href":"https:\/\/blogs.deia.eus\/desmarcados\/wp-json\/wp\/v2\/categories?post=411"},{"taxonomy":"post_tag","embeddable":true,"href":"https:\/\/blogs.deia.eus\/desmarcados\/wp-json\/wp\/v2\/tags?post=411"}],"curies":[{"name":"wp","href":"https:\/\/api.w.org\/{rel}","templated":true}]}}