{"id":416,"date":"2012-01-16T08:51:27","date_gmt":"2012-01-16T07:51:27","guid":{"rendered":"http:\/\/blogs.deia.com\/desmarcados\/?p=416"},"modified":"2012-01-16T08:51:56","modified_gmt":"2012-01-16T07:51:56","slug":"hora-de-la-telerapina","status":"publish","type":"post","link":"https:\/\/blogs.deia.eus\/desmarcados\/2012\/01\/16\/hora-de-la-telerapina\/","title":{"rendered":"Hora de la telerapi\u00f1a"},"content":{"rendered":"<p><a href=\"http:\/\/blogs.deia.com\/desmarcados\/files\/2012\/01\/COMEPECES.jpg\"><img loading=\"lazy\" decoding=\"async\" class=\"aligncenter size-full wp-image-417\" src=\"http:\/\/blogs.deia.com\/desmarcados\/files\/2012\/01\/COMEPECES.jpg\" alt=\"\" width=\"556\" height=\"342\" srcset=\"https:\/\/blogs.deia.eus\/desmarcados\/files\/2012\/01\/COMEPECES.jpg 511w, https:\/\/blogs.deia.eus\/desmarcados\/files\/2012\/01\/COMEPECES-300x184.jpg 300w\" sizes=\"auto, (max-width: 556px) 100vw, 556px\" \/><\/a><\/p>\n<p>Estamos en un escenario b\u00e9lico. Se ha declarado la guerra a un enemigo invisible, el d\u00e9ficit, contra el que las autoridades utilizan artiller\u00eda pesada -recortes sociales, subidas de impuestos y merma del cr\u00e9dito- y otras armas de destrucci\u00f3n masiva. Y como sucede en cualquier conflagraci\u00f3n, las v\u00edctimas inocentes las pone la poblaci\u00f3n civil en forma de paro, desahucios y miseria. Todo parece indicar que la contienda se prolongar\u00e1 durante largo tiempo, hasta que la sociedad quede exhausta, fam\u00e9lica y m\u00e1s pobre que antes de esta crisis.<\/p>\n<p>Y mientras nos caen misiles tributarios, despidos, EREs, precariedad y rebajas salariales, los se\u00f1ores de esta guerra, los mismos que la han provocado por codicia, recogen su rico bot\u00edn. Es la hora de arramplar con el mercado de la televisi\u00f3n p\u00fablica, para lo que el presidente Rajoy, buen pagador de favores prometidos, adelant\u00f3 el pasado viernes en Consejo de ministros la correspondiente reforma de la Ley General Audiovisual, que permitir\u00e1 al <em>lobby<\/em> de la televisi\u00f3n privada adue\u00f1arse de la actividad m\u00e1s rentable de las auton\u00f3micas sin cargar con sus deudas. Ya est\u00e1 aqu\u00ed la telerapi\u00f1a.<\/p>\n<p>\u00bfY c\u00f3mo va a teatralizarse este saqueo? Como nadie est\u00e1 dispuesto a comprar canales p\u00fablicos con plantillas sobredimensionadas, el despojo se ejercer\u00e1 v\u00eda externalizaci\u00f3n, que es algo as\u00ed como esquilmar un bien productivo sin la responsabilidad de la propiedad. Una privatizaci\u00f3n encubierta, vamos. Ya lo sugiri\u00f3 Jos\u00e9 Mar\u00eda Irisarri, expresidente ejecutivo de la empresa de contenidos audiovisuales <em>V\u00e9rtice 360\u00ba,<\/em> en un reciente art\u00edculo<em> <\/em>en<em> El Pa\u00eds<\/em>: \u201cSi las televisiones auton\u00f3micas externalizan gran parte de su actividad en la b\u00fasqueda de nuevos modelos de gesti\u00f3n -lo que no incompatibiliza con mantener una direcci\u00f3n efectiva-, se pueden hacer viables\u201d. En resumen, al pillaje por la externalizaci\u00f3n. Y todo por una guerra virtual contra el d\u00e9ficit. Eso s\u00ed, del d\u00e9ficit democr\u00e1tico derivado del dominio desp\u00f3tico de lo privado sobre lo p\u00fablico, la teledictadura, de eso no hablamos. Es peligroso: es sedici\u00f3n.<\/p>\n<!-- AddThis Advanced Settings generic via filter on the_content --><!-- AddThis Share Buttons generic via filter on the_content -->","protected":false},"excerpt":{"rendered":"<p>Estamos en un escenario b\u00e9lico. Se ha declarado la guerra a un enemigo invisible, el d\u00e9ficit, contra el que las autoridades utilizan artiller\u00eda pesada -recortes sociales, subidas de impuestos y merma del cr\u00e9dito- y otras armas de destrucci\u00f3n masiva. Y como sucede en cualquier conflagraci\u00f3n, las v\u00edctimas inocentes las pone la poblaci\u00f3n civil en forma &hellip; <a href=\"https:\/\/blogs.deia.eus\/desmarcados\/2012\/01\/16\/hora-de-la-telerapina\/\" class=\"more-link\">Sigue leyendo <span class=\"screen-reader-text\">Hora de la telerapi\u00f1a<\/span><\/a><!-- AddThis Advanced Settings generic via filter on get_the_excerpt --><!-- AddThis Share Buttons generic via filter on get_the_excerpt --><\/p>\n","protected":false},"author":46,"featured_media":0,"comment_status":"open","ping_status":"open","sticky":false,"template":"","format":"standard","meta":{"footnotes":""},"categories":[1],"tags":[],"class_list":["post-416","post","type-post","status-publish","format-standard","hentry","category-sin-categoria"],"_links":{"self":[{"href":"https:\/\/blogs.deia.eus\/desmarcados\/wp-json\/wp\/v2\/posts\/416","targetHints":{"allow":["GET"]}}],"collection":[{"href":"https:\/\/blogs.deia.eus\/desmarcados\/wp-json\/wp\/v2\/posts"}],"about":[{"href":"https:\/\/blogs.deia.eus\/desmarcados\/wp-json\/wp\/v2\/types\/post"}],"author":[{"embeddable":true,"href":"https:\/\/blogs.deia.eus\/desmarcados\/wp-json\/wp\/v2\/users\/46"}],"replies":[{"embeddable":true,"href":"https:\/\/blogs.deia.eus\/desmarcados\/wp-json\/wp\/v2\/comments?post=416"}],"version-history":[{"count":2,"href":"https:\/\/blogs.deia.eus\/desmarcados\/wp-json\/wp\/v2\/posts\/416\/revisions"}],"predecessor-version":[{"id":419,"href":"https:\/\/blogs.deia.eus\/desmarcados\/wp-json\/wp\/v2\/posts\/416\/revisions\/419"}],"wp:attachment":[{"href":"https:\/\/blogs.deia.eus\/desmarcados\/wp-json\/wp\/v2\/media?parent=416"}],"wp:term":[{"taxonomy":"category","embeddable":true,"href":"https:\/\/blogs.deia.eus\/desmarcados\/wp-json\/wp\/v2\/categories?post=416"},{"taxonomy":"post_tag","embeddable":true,"href":"https:\/\/blogs.deia.eus\/desmarcados\/wp-json\/wp\/v2\/tags?post=416"}],"curies":[{"name":"wp","href":"https:\/\/api.w.org\/{rel}","templated":true}]}}