{"id":420,"date":"2012-01-17T09:05:29","date_gmt":"2012-01-17T08:05:29","guid":{"rendered":"http:\/\/blogs.deia.com\/desmarcados\/?p=420"},"modified":"2012-01-17T09:08:32","modified_gmt":"2012-01-17T08:08:32","slug":"fraga-el-hombre-que-sonaba-al-reves","status":"publish","type":"post","link":"https:\/\/blogs.deia.eus\/desmarcados\/2012\/01\/17\/fraga-el-hombre-que-sonaba-al-reves\/","title":{"rendered":"Fraga, el hombre que so\u00f1aba al rev\u00e9s"},"content":{"rendered":"<a href=\"http:\/\/www.youtube.com\/watch?v=q2PMcP3je04\">http:\/\/www.youtube.com\/watch?v=q2PMcP3je04<\/a>\n<p>La vida profesional te lleva por extra\u00f1os caminos. La m\u00eda, err\u00e1tica pero apasionante, me hizo coincidir con Manuel Fraga Iribarne hace m\u00e1s de 30 a\u00f1os, cuando mi empresa de entonces, una compa\u00f1\u00eda multinacional de publicidad, se encarg\u00f3 de la comunicaci\u00f3n electoral de Alianza Popular, aquel partido conformado por notables del franquismo que quer\u00edan seguir mandando, a sabiendas de que a una mayor\u00eda del pueblo espa\u00f1ol le parec\u00eda de lo m\u00e1s natural que a la muerte de Franco le siguiera una democracia tutelada por los culpables de aquellos a\u00f1os de terror y que estos no\u00a0 tuvieran que pasar por los tribunales de la dignidad y el reproche de la memoria.<\/p>\n<p>As\u00ed que entr\u00e9 a formar parte de los equipos externos que se encargaron de poner rostro democr\u00e1tico a un l\u00edder que sin renegar de su pasado se presentaba como la m\u00e1s genuina expresi\u00f3n del esp\u00edritu conservador hispano. Fraga conoc\u00eda muy bien el car\u00e1cter del espa\u00f1ol y de esta intuici\u00f3n hizo carrera pol\u00edtica, cuya base fue el populismo con rasgos de melancol\u00eda patri\u00f3tica, catolicismo de campanario (con un toque de hipocres\u00eda para que la moral no le privara de los placeres mundanos) y un sentido chulesco en el trato. A aquel hombre le gustaba avasallar, sabedor de su superioridad intelectual y el complejo de inferioridad del com\u00fan de los ciudadanos. El miedo reverencial (todos le llamaban don Manuel) que dejaba a su paso era exactamente la estela de mediocridad con la que disfrazaba su genio, su mal genio. Era la negaci\u00f3n del liderazgo.<\/p>\n<p>Fraga era un t\u00edmido que se rebelaba con agresividad y descaro. Era un ser hiperactivo cuyo ritmo fren\u00e9tico de trabajo le afirmaba como el hombre elegido que siempre crey\u00f3 ser. Fue un hombre tan excesivo que no reconoc\u00eda sus defectos, sobre todo la falta de humildad y sus viejas carencias afectivas. En realidad, Fraga no cre\u00eda en nada, excepto en el pasado, y sus sue\u00f1os iban para atr\u00e1s, nunca imaginaban el futuro.<\/p>\n<p>Recuerdo un hecho significativo. Fue durante las elecciones gallegas, en 1981, en las que tambi\u00e9n era candidato Mariano Rajoy. \u00cdbamos de pueblo en pueblo y llegamos a una peque\u00f1a aldea, que all\u00ed llaman parroquias. En un acto p\u00fablico, sin periodistas, tom\u00f3 la palabra un hombre menudo y recio, muy gallego al parecer, que se atrevi\u00f3 a censurar lo poco que Franco hizo por su tierra. Habl\u00f3 con mesura, sin ira. Fraga, fuera de s\u00ed, le interrumpi\u00f3 abruptamente: \u201cUsted miente por mitad de la barba\u201d, le dijo a gritos. \u201cFranco salv\u00f3 a Galicia y Espa\u00f1a y gracias a su esfuerzo toda la naci\u00f3n ha podido salir adelante\u201d. No olvidar\u00e9 la cara de espanto que se le compuso al hombrecito que desafi\u00f3 el legado de Franco.<\/p>\n<p>La pasi\u00f3n de Fraga, m\u00e1s que la caza y la mujeres, que le obsesionaban, eran los libros. Escribir libros le encend\u00eda y por eso lleg\u00f3 a publicar unos noventa, casi todos infumables. De mi pluma salieron algunos de sus discursos, intervenciones p\u00fablicas y escritos de campa\u00f1a. Aquella fue para m\u00ed una dolorosa y frustrante lecci\u00f3n: aprend\u00ed que el cinismo es indispensable, en la pol\u00edtica como en el marketing, para vender cualquier cosa a\u00fan aborreci\u00e9ndola.<\/p>\n<!-- AddThis Advanced Settings generic via filter on the_content --><!-- AddThis Share Buttons generic via filter on the_content -->","protected":false},"excerpt":{"rendered":"<p>La vida profesional te lleva por extra\u00f1os caminos. La m\u00eda, err\u00e1tica pero apasionante, me hizo coincidir con Manuel Fraga Iribarne hace m\u00e1s de 30 a\u00f1os, cuando mi empresa de entonces, una compa\u00f1\u00eda multinacional de publicidad, se encarg\u00f3 de la comunicaci\u00f3n electoral de Alianza Popular, aquel partido conformado por notables del franquismo que quer\u00edan seguir mandando, &hellip; <a href=\"https:\/\/blogs.deia.eus\/desmarcados\/2012\/01\/17\/fraga-el-hombre-que-sonaba-al-reves\/\" class=\"more-link\">Sigue leyendo <span class=\"screen-reader-text\">Fraga, el hombre que so\u00f1aba al rev\u00e9s<\/span><\/a><!-- AddThis Advanced Settings generic via filter on get_the_excerpt --><!-- AddThis Share Buttons generic via filter on get_the_excerpt --><\/p>\n","protected":false},"author":46,"featured_media":0,"comment_status":"open","ping_status":"open","sticky":false,"template":"","format":"standard","meta":{"footnotes":""},"categories":[1],"tags":[],"class_list":["post-420","post","type-post","status-publish","format-standard","hentry","category-sin-categoria"],"_links":{"self":[{"href":"https:\/\/blogs.deia.eus\/desmarcados\/wp-json\/wp\/v2\/posts\/420","targetHints":{"allow":["GET"]}}],"collection":[{"href":"https:\/\/blogs.deia.eus\/desmarcados\/wp-json\/wp\/v2\/posts"}],"about":[{"href":"https:\/\/blogs.deia.eus\/desmarcados\/wp-json\/wp\/v2\/types\/post"}],"author":[{"embeddable":true,"href":"https:\/\/blogs.deia.eus\/desmarcados\/wp-json\/wp\/v2\/users\/46"}],"replies":[{"embeddable":true,"href":"https:\/\/blogs.deia.eus\/desmarcados\/wp-json\/wp\/v2\/comments?post=420"}],"version-history":[{"count":2,"href":"https:\/\/blogs.deia.eus\/desmarcados\/wp-json\/wp\/v2\/posts\/420\/revisions"}],"predecessor-version":[{"id":423,"href":"https:\/\/blogs.deia.eus\/desmarcados\/wp-json\/wp\/v2\/posts\/420\/revisions\/423"}],"wp:attachment":[{"href":"https:\/\/blogs.deia.eus\/desmarcados\/wp-json\/wp\/v2\/media?parent=420"}],"wp:term":[{"taxonomy":"category","embeddable":true,"href":"https:\/\/blogs.deia.eus\/desmarcados\/wp-json\/wp\/v2\/categories?post=420"},{"taxonomy":"post_tag","embeddable":true,"href":"https:\/\/blogs.deia.eus\/desmarcados\/wp-json\/wp\/v2\/tags?post=420"}],"curies":[{"name":"wp","href":"https:\/\/api.w.org\/{rel}","templated":true}]}}