{"id":424,"date":"2012-01-20T09:43:58","date_gmt":"2012-01-20T08:43:58","guid":{"rendered":"http:\/\/blogs.deia.com\/desmarcados\/?p=424"},"modified":"2012-01-20T09:43:58","modified_gmt":"2012-01-20T08:43:58","slug":"erase-un-lehendakari-a-su-sillon-pegado","status":"publish","type":"post","link":"https:\/\/blogs.deia.eus\/desmarcados\/2012\/01\/20\/erase-un-lehendakari-a-su-sillon-pegado\/","title":{"rendered":"Erase un lehendakari a su sill\u00f3n pegado"},"content":{"rendered":"<p><a href=\"http:\/\/blogs.deia.com\/desmarcados\/files\/2012\/01\/L\u00f3pez-silla.jpg\"><img loading=\"lazy\" decoding=\"async\" class=\"aligncenter size-full wp-image-425\" src=\"http:\/\/blogs.deia.com\/desmarcados\/files\/2012\/01\/L\u00f3pez-silla.jpg\" alt=\"\" width=\"600\" height=\"453\" srcset=\"https:\/\/blogs.deia.eus\/desmarcados\/files\/2012\/01\/L\u00f3pez-silla.jpg 600w, https:\/\/blogs.deia.eus\/desmarcados\/files\/2012\/01\/L\u00f3pez-silla-300x226.jpg 300w\" sizes=\"auto, (max-width: 600px) 100vw, 600px\" \/><\/a><\/p>\n<p>Nuestro pa\u00eds podr\u00eda llamarse <strong>Anomal\u00eda <\/strong>en vez de Euskadi, Euskalherria o Pa\u00eds Vasco. Porque aqu\u00ed hay demasiadas anomal\u00edas, m\u00e1s de las que nos corresponden en el reparto proporcional de las contradicciones del mundo: <strong>se acusa de impositiva a la lengua minoritaria<\/strong>, paz es la palabra recurrente de quienes participaron de la violencia,<strong>e l l\u00edder de la fuerza que obtuvo m\u00e1s diputados en las \u00faltimas elecciones est\u00e1 en prisi\u00f3n,<\/strong> un Estatuto maltrecho rige la pol\u00edtica institucional, la radicalidad pol\u00edtica se solapa con un alto nivel de calidad de vida\u2026 <strong>y una alianza antinacionalista gobierna una sociedad netamente abertzale. <\/strong>Acostumbrados a la incongruencia y hasta satisfechos con nuestra elevada tasa de paradojas, asumimos como fatalidades sucesos y situaciones contra los que deber\u00edamos rebelarnos para transformarlos en esperanzas.<\/p>\n<p><strong>El Gobierno de L\u00f3pez es la cumbre de la anomal\u00eda vasca<\/strong>: accedi\u00f3 al poder en estado de excepci\u00f3n pol\u00edtica, con la izquierda abertzale ilegalizada y en medio de una monstruosa campa\u00f1a de criminalizaci\u00f3n del PNV, y hoy, repudiado por la democracia y la demoscopia, apenas lo respalda una m\u00ednima parte del electorado. Para seguir la tradici\u00f3n del absurdo, el lehendakari ha optado por mantener la ficci\u00f3n de su proyecto y enrocarse en su objetivo de acabar la legislatura, no tanto por lo que a\u00fan pueda ofrecer a la ciudadan\u00eda en estos tiempos de crisis total, sino para defender el \u00faltimo reducto socialista. No hay m\u00e1s raz\u00f3n en \u00e9l que el patetismo del resistente. <strong>L\u00f3pez vender\u00eda su alma al diablo por seguir sentado en el sill\u00f3n <\/strong>y ganar tiempo para demostrar unas capacidades invisibles en tres a\u00f1os.<\/p>\n<p><strong><em>O adelanto electoral\u2026<\/em><\/strong><\/p>\n<p>Estamos en esta an\u00f3mala Euskadi en un escenario semejante al que Zapatero ten\u00eda en mayo de 2010, cuando su proyecto qued\u00f3 liquidado con la implantaci\u00f3n de los dram\u00e1ticos recortes sociales exigidos por la UE, con la diferencia de que en medio de su desprestigio el presidente espa\u00f1ol pose\u00eda la legitimidad de las urnas y L\u00f3pez no, con parecido descr\u00e9dito. <strong>Y aunque se resisti\u00f3, tambi\u00e9n para ganar un tiempo de recuperaci\u00f3n, finalmente tuvo que adelantar las elecciones<\/strong>. El lehendakari, que preside un gobierno amortizado, tendr\u00e1 que enfrentarse a la misma realidad que desarticul\u00f3 a Zapatero y no podr\u00e1 eludir el anticipo electoral, porque cuanto m\u00e1s retrase la llamada a las urnas m\u00e1s evidentes se har\u00e1n los perjuicios para Euskadi, tanto en lo pol\u00edtico como en la salida de la crisis. E<strong>l frentismo es un inhibidor radical de toda soluci\u00f3n.<\/strong><\/p>\n<p>\u00bfCu\u00e1nto tiempo hurtar\u00e1 este lehendakari a la restauraci\u00f3n de la legitimidad institucional y el pluralismo en Euskadi? \u00bfHasta d\u00f3nde est\u00e1 dispuesto a llegar L\u00f3pez por aferrarse a un cargo del que no es digno y prorrogar una estrategia impugnada por la ciudadan\u00eda? \u00bfCu\u00e1nto m\u00e1s nos va a costar su irresponsable codicia? Quiz\u00e1s sea pertinente preguntarse tambi\u00e9n si nuestra clase dirigente -partidos, organizaciones sociales, empresariado y otros poderes- est\u00e1 influyendo lo suficiente para resolver la endemoniada ecuaci\u00f3n pol\u00edtica actual y disolver la alianza PSE+PP que la provoca. <strong>Tengo la impresi\u00f3n de que todos, de una manera u otra, asumen que L\u00f3pez se ha atornillado a la silla y que todo esfuerzo para desencajarlo del asiento ser\u00e1 in\u00fatil, <\/strong>por lo que no hay m\u00e1s remedio que esperar su predestinada descomposici\u00f3n. Es un fatalismo impropio de l\u00edderes proactivos, a quienes atribuimos la capacidad de imaginar y promover soluciones transformadoras.<\/p>\n<p>Si hay un diagn\u00f3stico com\u00fan sobre la anomal\u00eda del Gobierno L\u00f3pez, \u00bfpor qu\u00e9 no actuar con mayor beligerancia para que sean los vascos quienes la resuelvan con su voto?<strong> \u00bfPor qu\u00e9 no forzar al m\u00e1ximo las contradicciones del r\u00e9gimen antinacionalista para que su prolongaci\u00f3n resulte m\u00e1s insoportable? <\/strong>No entiendo que por esperar a que se reduzcan las expectativas electorales de la izquierda abertzale nos resignemos a la dolorosa continuidad de una legislatura caducada. <strong>(Que alguien me explique c\u00f3mo demonios pueden menguar los votos a Amaiur con Otegi injustamente encarcelado).<\/strong> Los partidos han realizado sus c\u00e1lculos y, por diferentes razones de oportunidad, han llegado a la conclusi\u00f3n de que entre todos los males posibles el m\u00e1s leve es que L\u00f3pez aguante al l\u00edmite. Es un frustrante corolario, porque la extensi\u00f3n de sus destrozos hasta marzo de 2013 ser\u00e1 mucho peor, por sus irreparables efectos, que un imperfecto resultado en las urnas. Cualquier futuro es mejor que nuestro esperp\u00e9ntico presente.<\/p>\n<p><strong><em>\u2026o un a\u00f1o m\u00e1s perdido<\/em><\/strong><\/p>\n<p>A lo que nos conducir\u00e1 <strong>el empe\u00f1o de L\u00f3pez en no anticipar los comicios es a un indeseable estado de precampa\u00f1a a lo largo de un a\u00f1o. <\/strong>Y ya sabemos lo perverso que para la calidad democr\u00e1tica resulta un prolongado tiempo preelectoral. Las instituciones enferman de ansiedad y la demagogia instala su nido en los mensajes. A estas alturas es una irresponsabilidad deso\u00edr el clamor del pueblo y que el inter\u00e9s general se vea sobrepasado por las miserias de la rapi\u00f1a partidista. <strong>Llega un momento pol\u00edtico, por insostenible y fingido, en que solo en las urnas est\u00e1 la salida. <\/strong>As\u00ed lo hizo Ardanza, en 1986, despu\u00e9s de la escisi\u00f3n del PNV, al igual que Ibarretxe convoc\u00f3 comicios en 2001 tras el fiasco de Lizarra. L\u00f3pez valora m\u00e1s su aventura que el dinamismo democr\u00e1tico.<\/p>\n<p>Nos encaminamos a lo que puede ser un a\u00f1o perdido para la concordia, lo mismo que para las soluciones pactadas, el pluralismo, el prestigio institucional, los acuerdos transversales y la liquidaci\u00f3n del frentismo. Y a la vez que se desperdician estas oportunidades, suceder\u00e1 que las urgencias econ\u00f3micas y de empleo no contar\u00e1n en este tiempo con la potencia y la unidad que requieren, porque <strong>un gobierno interino es incapaz de pensar m\u00e1s all\u00e1 de su propia supervivencia y jam\u00e1s se arriesgar\u00e1 a tomar las medidas adecuadas si son impopulares. <\/strong>Euskadi pagar\u00e1 un alto precio por la obstinaci\u00f3n de L\u00f3pez en mantenerse en su limbo irreal, como si aqu\u00ed, con los acontecimientos hist\u00f3ricos y los vuelcos electorales del pasado a\u00f1o, no hubiera ocurrido nada.<\/p>\n<p><strong>No soy neutral ideol\u00f3gicamente: nadie lo es en esencia;<\/strong> pero puedo percibir con criterio amplio que Euskadi necesita ya un repaso por las urnas para transitar de la anomal\u00eda del Gobierno L\u00f3pez, de vocaci\u00f3n frentista y vehementemente antiabertzale, a la racionalidad democr\u00e1tica de la que surjan los consensos b\u00e1sicos para que nuestro pa\u00eds abandone la excepcionalidad pol\u00edtica y pacte su status, sus prioridades y un proyecto com\u00fan para las pr\u00f3ximas d\u00e9cadas. Deslegitimar el apremio electoral mediante la acusaci\u00f3n de que solo responde a la ansiedad nacionalista por la recuperaci\u00f3n del poder en Lakua es una evasiva de manual y un argumento a la defensiva. <strong>Recordemos c\u00f3mo Zapatero se resisti\u00f3 numantinamente al anticipo electoral <\/strong>apelando a los efectos negativos que la disputa democr\u00e1tica conllevar\u00eda para las fr\u00e1giles cuentas espa\u00f1olas, cuando era precisamente la econom\u00eda la que aconsejaba su perentorio relevo pol\u00edtico. <strong>L\u00f3pez se mira hoy en el espejo de aquel Zapatero ensimismado.<\/strong><\/p>\n<p><strong>Euskadi se parece a Metro Bilbao: <\/strong>lo que antes funcionaba con esmero, calidad operativa y satisfacci\u00f3n general, hoy es, tras la irrupci\u00f3n de los actuales gestores, un sinf\u00edn de conflictos, retrasos, aver\u00edas constantes y un deterioro brutal del servicio del suburbano. Euskadi ha descarrilado. <strong>No queda m\u00e1s remedio, sin esperar el fin de este viaje temerario, que cambiar de conductor.<\/strong><\/p>\n<!-- AddThis Advanced Settings generic via filter on the_content --><!-- AddThis Share Buttons generic via filter on the_content -->","protected":false},"excerpt":{"rendered":"<p>Nuestro pa\u00eds podr\u00eda llamarse Anomal\u00eda en vez de Euskadi, Euskalherria o Pa\u00eds Vasco. Porque aqu\u00ed hay demasiadas anomal\u00edas, m\u00e1s de las que nos corresponden en el reparto proporcional de las contradicciones del mundo: se acusa de impositiva a la lengua minoritaria, paz es la palabra recurrente de quienes participaron de la violencia,e l l\u00edder de &hellip; <a href=\"https:\/\/blogs.deia.eus\/desmarcados\/2012\/01\/20\/erase-un-lehendakari-a-su-sillon-pegado\/\" class=\"more-link\">Sigue leyendo <span class=\"screen-reader-text\">Erase un lehendakari a su sill\u00f3n pegado<\/span><\/a><!-- AddThis Advanced Settings generic via filter on get_the_excerpt --><!-- AddThis Share Buttons generic via filter on get_the_excerpt --><\/p>\n","protected":false},"author":46,"featured_media":0,"comment_status":"open","ping_status":"open","sticky":false,"template":"","format":"standard","meta":{"footnotes":""},"categories":[1],"tags":[],"class_list":["post-424","post","type-post","status-publish","format-standard","hentry","category-sin-categoria"],"_links":{"self":[{"href":"https:\/\/blogs.deia.eus\/desmarcados\/wp-json\/wp\/v2\/posts\/424","targetHints":{"allow":["GET"]}}],"collection":[{"href":"https:\/\/blogs.deia.eus\/desmarcados\/wp-json\/wp\/v2\/posts"}],"about":[{"href":"https:\/\/blogs.deia.eus\/desmarcados\/wp-json\/wp\/v2\/types\/post"}],"author":[{"embeddable":true,"href":"https:\/\/blogs.deia.eus\/desmarcados\/wp-json\/wp\/v2\/users\/46"}],"replies":[{"embeddable":true,"href":"https:\/\/blogs.deia.eus\/desmarcados\/wp-json\/wp\/v2\/comments?post=424"}],"version-history":[{"count":1,"href":"https:\/\/blogs.deia.eus\/desmarcados\/wp-json\/wp\/v2\/posts\/424\/revisions"}],"predecessor-version":[{"id":426,"href":"https:\/\/blogs.deia.eus\/desmarcados\/wp-json\/wp\/v2\/posts\/424\/revisions\/426"}],"wp:attachment":[{"href":"https:\/\/blogs.deia.eus\/desmarcados\/wp-json\/wp\/v2\/media?parent=424"}],"wp:term":[{"taxonomy":"category","embeddable":true,"href":"https:\/\/blogs.deia.eus\/desmarcados\/wp-json\/wp\/v2\/categories?post=424"},{"taxonomy":"post_tag","embeddable":true,"href":"https:\/\/blogs.deia.eus\/desmarcados\/wp-json\/wp\/v2\/tags?post=424"}],"curies":[{"name":"wp","href":"https:\/\/api.w.org\/{rel}","templated":true}]}}