{"id":427,"date":"2012-01-23T09:04:30","date_gmt":"2012-01-23T08:04:30","guid":{"rendered":"http:\/\/blogs.deia.com\/desmarcados\/?p=427"},"modified":"2012-01-23T09:04:30","modified_gmt":"2012-01-23T08:04:30","slug":"gran-hermano-parque-tematico","status":"publish","type":"post","link":"https:\/\/blogs.deia.eus\/desmarcados\/2012\/01\/23\/gran-hermano-parque-tematico\/","title":{"rendered":"Gran Hermano, Parque Tem\u00e1tico"},"content":{"rendered":"<p><a href=\"http:\/\/blogs.deia.com\/desmarcados\/files\/2012\/01\/cura-gran-hermano.jpg\"><img loading=\"lazy\" decoding=\"async\" class=\"aligncenter size-full wp-image-428\" src=\"http:\/\/blogs.deia.com\/desmarcados\/files\/2012\/01\/cura-gran-hermano.jpg\" alt=\"\" width=\"545\" height=\"391\" srcset=\"https:\/\/blogs.deia.eus\/desmarcados\/files\/2012\/01\/cura-gran-hermano.jpg 495w, https:\/\/blogs.deia.eus\/desmarcados\/files\/2012\/01\/cura-gran-hermano-300x215.jpg 300w\" sizes=\"auto, (max-width: 545px) 100vw, 545px\" \/><\/a><\/p>\n<p>Imaginar mundos paralelos en los que transfigurarnos es un impulso eterno del ser humano que el arte, la literatura y el cine han cultivado con ah\u00ednco. Lo m\u00e1gico y lo irreal tienen sentido si son aleg\u00f3ricos o especulativos, pero su l\u00edmite es no suplantar lo verdadero. Primero la religi\u00f3n inexorable traspas\u00f3 esa frontera y ahora la televisi\u00f3n del entretenimiento -su relevo natural- pretende anteponer lo virtual a lo real para servirnos de consuelo, como un narc\u00f3tico. <em>Gran Hermano<\/em> naci\u00f3 para eso y va para trece a\u00f1os. Y como las creaciones ilusorias tambi\u00e9n prescriben, porque la demanda de espejismos es imparable, la nueva edici\u00f3n (tontamente numerada 12+1) se ha transformado en un esperp\u00e9ntico parque tem\u00e1tico: un arca de No\u00e9, una cama en la piscina, el mundo boca abajo, la cocina inclinada, un \u00e1tico liliput y una subasta embaucadora para que gente rara pague por tener jaula en este circo, todo de estreno menos la reina de la noche, Mercedes Mil\u00e1, marchita y marchosa, coleccionista de arrugas y arrogancia.<\/p>\n<p>Claro que a los adictos (m\u00e1s de 3,5 millones el primer d\u00eda) lo que m\u00e1s les excita son los gladiadores, el cuerpo a cuerpo, los doce disc\u00edpulos de la impudicia desnudando sus \u00edntimas miserias. Y en esto el programa se ha superado al incorporar a un sacerdote, obeso y motero, que aportar\u00e1 su cuota de morbo en un tinglado donde el sexo y sus conflictos lo son todo. \u00bfCaer\u00e1 en la tentaci\u00f3n el cura? \u00bfRedimir\u00e1 a los pecadores? \u00bfSuspendido <em>a divinis,<\/em> celebrar\u00e1 misa o akelarre? Que los cl\u00e9rigos se hayan vuelto frikis es culpa original de Rouco, el obispo de C\u00f3rdoba y Munilla, que compiten en comicidad verbal con Jos\u00e9 Mota.<\/p>\n<p>Tambi\u00e9n Cruz Roja ha entrado en este disneyworld para beneficiarse de cuanto los pujadores aporten por ser el n\u00famero trece en este circo, viejo recurso hip\u00f3crita, porque con el maquillaje de la caridad ya se untaban las marquesas para excusar su mala conciencia ante Dios (el ojo de la aguja y el camello) y el pueblo. Pasen y vean el mayor espect\u00e1culo de Espa\u00f1a, donde la repugnancia es un placer p\u00fablico.<\/p>\n<!-- AddThis Advanced Settings generic via filter on the_content --><!-- AddThis Share Buttons generic via filter on the_content -->","protected":false},"excerpt":{"rendered":"<p>Imaginar mundos paralelos en los que transfigurarnos es un impulso eterno del ser humano que el arte, la literatura y el cine han cultivado con ah\u00ednco. Lo m\u00e1gico y lo irreal tienen sentido si son aleg\u00f3ricos o especulativos, pero su l\u00edmite es no suplantar lo verdadero. Primero la religi\u00f3n inexorable traspas\u00f3 esa frontera y ahora &hellip; <a href=\"https:\/\/blogs.deia.eus\/desmarcados\/2012\/01\/23\/gran-hermano-parque-tematico\/\" class=\"more-link\">Sigue leyendo <span class=\"screen-reader-text\">Gran Hermano, Parque Tem\u00e1tico<\/span><\/a><!-- AddThis Advanced Settings generic via filter on get_the_excerpt --><!-- AddThis Share Buttons generic via filter on get_the_excerpt --><\/p>\n","protected":false},"author":46,"featured_media":0,"comment_status":"open","ping_status":"open","sticky":false,"template":"","format":"standard","meta":{"footnotes":""},"categories":[1],"tags":[],"class_list":["post-427","post","type-post","status-publish","format-standard","hentry","category-sin-categoria"],"_links":{"self":[{"href":"https:\/\/blogs.deia.eus\/desmarcados\/wp-json\/wp\/v2\/posts\/427","targetHints":{"allow":["GET"]}}],"collection":[{"href":"https:\/\/blogs.deia.eus\/desmarcados\/wp-json\/wp\/v2\/posts"}],"about":[{"href":"https:\/\/blogs.deia.eus\/desmarcados\/wp-json\/wp\/v2\/types\/post"}],"author":[{"embeddable":true,"href":"https:\/\/blogs.deia.eus\/desmarcados\/wp-json\/wp\/v2\/users\/46"}],"replies":[{"embeddable":true,"href":"https:\/\/blogs.deia.eus\/desmarcados\/wp-json\/wp\/v2\/comments?post=427"}],"version-history":[{"count":1,"href":"https:\/\/blogs.deia.eus\/desmarcados\/wp-json\/wp\/v2\/posts\/427\/revisions"}],"predecessor-version":[{"id":429,"href":"https:\/\/blogs.deia.eus\/desmarcados\/wp-json\/wp\/v2\/posts\/427\/revisions\/429"}],"wp:attachment":[{"href":"https:\/\/blogs.deia.eus\/desmarcados\/wp-json\/wp\/v2\/media?parent=427"}],"wp:term":[{"taxonomy":"category","embeddable":true,"href":"https:\/\/blogs.deia.eus\/desmarcados\/wp-json\/wp\/v2\/categories?post=427"},{"taxonomy":"post_tag","embeddable":true,"href":"https:\/\/blogs.deia.eus\/desmarcados\/wp-json\/wp\/v2\/tags?post=427"}],"curies":[{"name":"wp","href":"https:\/\/api.w.org\/{rel}","templated":true}]}}