{"id":4500,"date":"2020-07-07T21:00:21","date_gmt":"2020-07-07T19:00:21","guid":{"rendered":"http:\/\/blogs.deia.eus\/desmarcados\/?p=4500"},"modified":"2020-07-07T21:00:23","modified_gmt":"2020-07-07T19:00:23","slug":"grandes-paradojas","status":"publish","type":"post","link":"https:\/\/blogs.deia.eus\/desmarcados\/2020\/07\/07\/grandes-paradojas\/","title":{"rendered":"Grandes paradojas"},"content":{"rendered":"\n<figure class=\"wp-block-image\"><img loading=\"lazy\" decoding=\"async\" width=\"940\" height=\"527\" src=\"https:\/\/blogs.deia.eus\/desmarcados\/files\/2020\/07\/P1-940x527.jpg\" alt=\"\" class=\"wp-image-4501\" srcset=\"https:\/\/blogs.deia.eus\/desmarcados\/files\/2020\/07\/P1-940x527.jpg 940w, https:\/\/blogs.deia.eus\/desmarcados\/files\/2020\/07\/P1-580x325.jpg 580w, https:\/\/blogs.deia.eus\/desmarcados\/files\/2020\/07\/P1-768x431.jpg 768w\" sizes=\"auto, (max-width: 940px) 100vw, 940px\" \/><\/figure>\n\n\n\n<p>Cuando la televisi\u00f3n alcanzaba audiencias hist\u00f3ricas, con m\u00e1s espectadores y el doble de horas de consumo audiovisual cada d\u00eda, <strong>los anuncios sufrieron un desplome brutal.<\/strong> Seg\u00fan InfoAdex, entidad que mide la inversi\u00f3n publicitaria, el descenso de facturaci\u00f3n de marzo a mayo fue del 49%, unos 267 millones de euros menos que el pasado a\u00f1o, <strong>una ca\u00edda amortiguada por las generosas campa\u00f1as que los gobiernos del Estado y las Comunidades Aut\u00f3nomas<\/strong> difundieron para la prevenci\u00f3n e informaci\u00f3n del coronavirus. De este dinero salvador no dicen nada las televisiones, a la vez que fustigan por ignorancia a los pol\u00edticos que les subvencionan con anuncios. <strong>Qu\u00e9 paradojas: a m\u00e1s telespectadores, menos publicidad; y a m\u00e1s apoyo p\u00fablico, peores cr\u00edticas contra las autoridades.<\/strong><\/p>\n\n\n\n<figure class=\"wp-block-image is-resized\"><img loading=\"lazy\" decoding=\"async\" src=\"https:\/\/blogs.deia.eus\/desmarcados\/files\/2020\/07\/P2-940x686.jpg\" alt=\"\" class=\"wp-image-4503\" width=\"681\" height=\"496\" srcset=\"https:\/\/blogs.deia.eus\/desmarcados\/files\/2020\/07\/P2-940x686.jpg 940w, https:\/\/blogs.deia.eus\/desmarcados\/files\/2020\/07\/P2-768x561.jpg 768w\" sizes=\"auto, (max-width: 681px) 100vw, 681px\" \/><\/figure>\n\n\n\n<p>\u00a0\u00a0\u00a0\u00a0\u00a0\u00a0\u00a0\u00a0\u00a0\u00a0\u00a0\u00a0A TVE le da igual, porque no vive de los anuncios desde que, en 2010, Zapatero se los quit\u00f3 para regal\u00e1rselos a los canales privados en plena crisis. La jefa del Ente estatal, <strong>Rosa Mar\u00eda Mateo, ha dicho estos d\u00edas que\u00a0\u201cfue un error retirar la publicidad\u201d. <\/strong>A buenas horas, mangas verdes. Fue un gobierno socialista, en teor\u00eda favorecedor de lo p\u00fablico, el que <strong>descapitaliz\u00f3 RTVE entregando su caudal publicitario, unos 500 millones anuales,<\/strong> a Atresmedia y Mediaset. Gran paradoja. O quiz\u00e1s no tanto.\u00a0<\/p>\n\n\n\n<figure class=\"wp-block-image is-resized\"><img loading=\"lazy\" decoding=\"async\" src=\"https:\/\/blogs.deia.eus\/desmarcados\/files\/2020\/07\/P4-1.jpg\" alt=\"\" class=\"wp-image-4504\" width=\"676\" height=\"379\" srcset=\"https:\/\/blogs.deia.eus\/desmarcados\/files\/2020\/07\/P4-1.jpg 610w, https:\/\/blogs.deia.eus\/desmarcados\/files\/2020\/07\/P4-1-580x325.jpg 580w\" sizes=\"auto, (max-width: 676px) 100vw, 676px\" \/><\/figure>\n\n\n\n<p>\u00a0\u00a0\u00a0\u00a0\u00a0\u00a0\u00a0\u00a0\u00a0\u00a0\u00a0\u00a0Entramos en una semana de debates con vistas a la cita del pr\u00f3ximo domingo. Supongo que los candidatos hablar\u00e1n de<strong> por qu\u00e9 en el siglo XXI se sigue votando como en el XIX pese a disponer de herramientas <\/strong>para hacerlo desde casa. <strong>\u00bfTeletrabajar y telestudiar s\u00ed, pero televotar no?<\/strong> La negaci\u00f3n del sufragio digital, cuando es m\u00e1s necesario que nunca, define <strong>una paradoja tecnol\u00f3gica y, a la vez, una brecha democr\u00e1tica. <\/strong>Tengo miedo al miedo de la gente, sobre todos los mayores, porque <strong>el terror inducido por el estado de alarma\u00a0no se diluye como un azucarillo en el caf\u00e9.\u00a0<\/strong><\/p>\n\n\n\n<div class=\"wp-block-image\"><figure class=\"alignright is-resized\"><img loading=\"lazy\" decoding=\"async\" src=\"https:\/\/blogs.deia.eus\/desmarcados\/files\/2020\/07\/Firma-1.jpg\" alt=\"\" class=\"wp-image-4505\" width=\"244\" height=\"84\" srcset=\"https:\/\/blogs.deia.eus\/desmarcados\/files\/2020\/07\/Firma-1.jpg 581w, https:\/\/blogs.deia.eus\/desmarcados\/files\/2020\/07\/Firma-1-580x201.jpg 580w\" sizes=\"auto, (max-width: 244px) 100vw, 244px\" \/><\/figure><\/div>\n<!-- AddThis Advanced Settings generic via filter on the_content --><!-- AddThis Share Buttons generic via filter on the_content -->","protected":false},"excerpt":{"rendered":"<p>Cuando la televisi\u00f3n alcanzaba audiencias hist\u00f3ricas, con m\u00e1s espectadores y el doble de horas de consumo audiovisual cada d\u00eda, los anuncios sufrieron un desplome brutal. Seg\u00fan InfoAdex, entidad que mide la inversi\u00f3n publicitaria, el descenso de facturaci\u00f3n de marzo a mayo fue del 49%, unos 267 millones de euros menos que el pasado a\u00f1o, una &hellip; <a href=\"https:\/\/blogs.deia.eus\/desmarcados\/2020\/07\/07\/grandes-paradojas\/\" class=\"more-link\">Sigue leyendo <span class=\"screen-reader-text\">Grandes paradojas<\/span><\/a><!-- AddThis Advanced Settings generic via filter on get_the_excerpt --><!-- AddThis Share Buttons generic via filter on get_the_excerpt --><\/p>\n","protected":false},"author":46,"featured_media":0,"comment_status":"open","ping_status":"open","sticky":false,"template":"","format":"standard","meta":{"footnotes":""},"categories":[1],"tags":[],"class_list":["post-4500","post","type-post","status-publish","format-standard","hentry","category-sin-categoria"],"_links":{"self":[{"href":"https:\/\/blogs.deia.eus\/desmarcados\/wp-json\/wp\/v2\/posts\/4500","targetHints":{"allow":["GET"]}}],"collection":[{"href":"https:\/\/blogs.deia.eus\/desmarcados\/wp-json\/wp\/v2\/posts"}],"about":[{"href":"https:\/\/blogs.deia.eus\/desmarcados\/wp-json\/wp\/v2\/types\/post"}],"author":[{"embeddable":true,"href":"https:\/\/blogs.deia.eus\/desmarcados\/wp-json\/wp\/v2\/users\/46"}],"replies":[{"embeddable":true,"href":"https:\/\/blogs.deia.eus\/desmarcados\/wp-json\/wp\/v2\/comments?post=4500"}],"version-history":[{"count":1,"href":"https:\/\/blogs.deia.eus\/desmarcados\/wp-json\/wp\/v2\/posts\/4500\/revisions"}],"predecessor-version":[{"id":4506,"href":"https:\/\/blogs.deia.eus\/desmarcados\/wp-json\/wp\/v2\/posts\/4500\/revisions\/4506"}],"wp:attachment":[{"href":"https:\/\/blogs.deia.eus\/desmarcados\/wp-json\/wp\/v2\/media?parent=4500"}],"wp:term":[{"taxonomy":"category","embeddable":true,"href":"https:\/\/blogs.deia.eus\/desmarcados\/wp-json\/wp\/v2\/categories?post=4500"},{"taxonomy":"post_tag","embeddable":true,"href":"https:\/\/blogs.deia.eus\/desmarcados\/wp-json\/wp\/v2\/tags?post=4500"}],"curies":[{"name":"wp","href":"https:\/\/api.w.org\/{rel}","templated":true}]}}