{"id":6334,"date":"2026-04-28T09:55:07","date_gmt":"2026-04-28T07:55:07","guid":{"rendered":"https:\/\/blogs.deia.eus\/desmarcados\/?p=6334"},"modified":"2026-04-28T09:55:35","modified_gmt":"2026-04-28T07:55:35","slug":"la-batalla-cultural-se-libra-en-la-tv","status":"publish","type":"post","link":"https:\/\/blogs.deia.eus\/desmarcados\/2026\/04\/28\/la-batalla-cultural-se-libra-en-la-tv\/","title":{"rendered":"Est\u00e1 que arde"},"content":{"rendered":"\n<figure class=\"wp-block-image size-large\"><a href=\"https:\/\/blogs.deia.eus\/desmarcados\/files\/2026\/04\/EG.jpg\"><img loading=\"lazy\" decoding=\"async\" width=\"940\" height=\"705\" src=\"https:\/\/blogs.deia.eus\/desmarcados\/files\/2026\/04\/EG-940x705.jpg\" alt=\"\" class=\"wp-image-6335\" srcset=\"https:\/\/blogs.deia.eus\/desmarcados\/files\/2026\/04\/EG-940x705.jpg 940w, https:\/\/blogs.deia.eus\/desmarcados\/files\/2026\/04\/EG-580x435.jpg 580w, https:\/\/blogs.deia.eus\/desmarcados\/files\/2026\/04\/EG-768x576.jpg 768w, https:\/\/blogs.deia.eus\/desmarcados\/files\/2026\/04\/EG.jpg 1200w\" sizes=\"auto, (max-width: 940px) 100vw, 940px\" \/><\/a><\/figure>\n\n\n\n<p>Hay guerras cruentas, como las que Trump, Netanyahu y Putin destruyen personas y pa\u00edses. Y hay guerras incruentas, necesarias, que enfrentan ideas y valores de signo contrario en una disputa sobre el mundo. <strong>Es la batalla cultural, cuyo escenario es, entre otros, la tele. Conservadores contra progresistas. \u00a1Es la guerra!<\/strong> Y van a por todas, aprovechando nuestra actitud pasiva frente a la pantalla. Y en medio, <strong>los esc\u00e9pticos, que amamos el gran mosaico de la diversidad y no dos \u00fanicas opciones, los rom\u00e1nticos, razonablemente transversales.<\/strong><\/p>\n\n\n\n<p>Los bandos de la batalla cultural los forman, por un lado, TVE, La Sexta, ETB y TV3; y por otro, Antena 3, Cuatro, Telecinco, Trece y El Toro TV. La pugna ideol\u00f3gica aparece entreverada con la informaci\u00f3n, porque es electoral; pero tambi\u00e9n con el entretenimiento, donde es m\u00e1s eficaz. El nuevo espacio de Marc Gir\u00f3, bajo el ocurrente t\u00edtulo de\u00a0<em>Cara al Show<\/em>, junto con el de Henar \u00c1lvarez,\u00a0<em>Al cielo con ella<\/em>, que ha subido a La 1, as\u00ed como\u00a0<em>La Revuelta<\/em>, <strong>son instrumentos \u00fatiles para el feminismo, el colectivo LGTBI y la democracia contra posiciones ultras, atrincheradas en\u00a0<em>El Hormiguero<\/em>,\u00a0<em>Horizonte<\/em>\u00a0y Ana Rosa.<\/strong><\/p>\n\n\n\n<p><strong>Es tan simple el ideario conservador que atribuye a la pel\u00edcula\u00a0<em>Los domingos<\/em>, de Alauda Ruiz de Azua, y a las canciones de Rosal\u00eda el simbolismo de un resurgir espiritual.<\/strong> Y resulta c\u00f3mico que este grupo tradicionalista tenga como predicadores a <strong>Tamara Falc\u00f3, D\u00edaz Ayuso y Juan Manuel de Prada, \u00e9mulo de Chesterton; y m\u00e1s arriba, la psiquiatra Rojas Estap\u00e9.<\/strong> La emigraci\u00f3n, la educaci\u00f3n, la memoria hist\u00f3rica, la religi\u00f3n, el clima y la familia son la artiller\u00eda de esta guerra sin armas, pero con intransigencia. El fracaso del progresismo es la cultura\u00a0<em>woke<\/em>, muy est\u00e9tica y poco sincera. <strong>Tengan cuidado con la tele, est\u00e1 que arde.<\/strong><\/p>\n\n\n\n<p class=\"has-text-align-right\"><strong>JOS\u00c9 RAM\u00d3N BLAZQUEZ<\/strong><\/p>\n<!-- AddThis Advanced Settings generic via filter on the_content --><!-- AddThis Share Buttons generic via filter on the_content -->","protected":false},"excerpt":{"rendered":"<p>Hay guerras cruentas, como las que Trump, Netanyahu y Putin destruyen personas y pa\u00edses. Y hay guerras incruentas, necesarias, que enfrentan ideas y valores de signo contrario en una disputa sobre el mundo. Es la batalla cultural, cuyo escenario es, entre otros, la tele. Conservadores contra progresistas. \u00a1Es la guerra! Y van a por todas, &hellip; <a href=\"https:\/\/blogs.deia.eus\/desmarcados\/2026\/04\/28\/la-batalla-cultural-se-libra-en-la-tv\/\" class=\"more-link\">Sigue leyendo <span class=\"screen-reader-text\">Est\u00e1 que arde<\/span><\/a><!-- AddThis Advanced Settings generic via filter on get_the_excerpt --><!-- AddThis Share Buttons generic via filter on get_the_excerpt --><\/p>\n","protected":false},"author":46,"featured_media":0,"comment_status":"open","ping_status":"open","sticky":false,"template":"","format":"standard","meta":{"footnotes":""},"categories":[1],"tags":[],"class_list":["post-6334","post","type-post","status-publish","format-standard","hentry","category-sin-categoria"],"_links":{"self":[{"href":"https:\/\/blogs.deia.eus\/desmarcados\/wp-json\/wp\/v2\/posts\/6334","targetHints":{"allow":["GET"]}}],"collection":[{"href":"https:\/\/blogs.deia.eus\/desmarcados\/wp-json\/wp\/v2\/posts"}],"about":[{"href":"https:\/\/blogs.deia.eus\/desmarcados\/wp-json\/wp\/v2\/types\/post"}],"author":[{"embeddable":true,"href":"https:\/\/blogs.deia.eus\/desmarcados\/wp-json\/wp\/v2\/users\/46"}],"replies":[{"embeddable":true,"href":"https:\/\/blogs.deia.eus\/desmarcados\/wp-json\/wp\/v2\/comments?post=6334"}],"version-history":[{"count":2,"href":"https:\/\/blogs.deia.eus\/desmarcados\/wp-json\/wp\/v2\/posts\/6334\/revisions"}],"predecessor-version":[{"id":6337,"href":"https:\/\/blogs.deia.eus\/desmarcados\/wp-json\/wp\/v2\/posts\/6334\/revisions\/6337"}],"wp:attachment":[{"href":"https:\/\/blogs.deia.eus\/desmarcados\/wp-json\/wp\/v2\/media?parent=6334"}],"wp:term":[{"taxonomy":"category","embeddable":true,"href":"https:\/\/blogs.deia.eus\/desmarcados\/wp-json\/wp\/v2\/categories?post=6334"},{"taxonomy":"post_tag","embeddable":true,"href":"https:\/\/blogs.deia.eus\/desmarcados\/wp-json\/wp\/v2\/tags?post=6334"}],"curies":[{"name":"wp","href":"https:\/\/api.w.org\/{rel}","templated":true}]}}