{"id":6402,"date":"2026-09-01T11:12:11","date_gmt":"2026-09-01T09:12:11","guid":{"rendered":"https:\/\/blogs.deia.eus\/desmarcados\/?p=6402"},"modified":"2026-09-01T11:12:11","modified_gmt":"2026-09-01T09:12:11","slug":"tve-y-la-guerra-justa","status":"publish","type":"post","link":"https:\/\/blogs.deia.eus\/desmarcados\/2026\/09\/01\/tve-y-la-guerra-justa\/","title":{"rendered":"TVE y la guerra justa"},"content":{"rendered":"\n<figure class=\"wp-block-image size-large\"><a href=\"https:\/\/blogs.deia.eus\/desmarcados\/files\/2026\/09\/70A.jpg\"><img loading=\"lazy\" decoding=\"async\" width=\"940\" height=\"529\" src=\"https:\/\/blogs.deia.eus\/desmarcados\/files\/2026\/09\/70A-940x529.jpg\" alt=\"\" class=\"wp-image-6403\" srcset=\"https:\/\/blogs.deia.eus\/desmarcados\/files\/2026\/09\/70A-940x529.jpg 940w, https:\/\/blogs.deia.eus\/desmarcados\/files\/2026\/09\/70A-580x326.jpg 580w, https:\/\/blogs.deia.eus\/desmarcados\/files\/2026\/09\/70A-768x432.jpg 768w, https:\/\/blogs.deia.eus\/desmarcados\/files\/2026\/09\/70A.jpg 1200w\" sizes=\"auto, (max-width: 940px) 100vw, 940px\" \/><\/a><\/figure>\n\n\n\n<p class=\"wp-block-paragraph\"><strong>Y a los 70 a\u00f1os resucit\u00f3.<\/strong> TVE, inaugurada por Franco junto a Fraga, su ministro de propaganda, est\u00e1 dando un revolc\u00f3n a las audiencias de los canales privados. Descapitalizada en 2010 tras la p\u00e9rdida de su fuente de financiaci\u00f3n, los anuncios, <strong>est\u00e1 ahora a unas d\u00e9cimas de superar a Antena 3 en el liderazgo con programas informativos, de debate y entretenimiento que han tumbado la estrategia de la derecha pol\u00edtica y medi\u00e1tica para recuperar el poder.<\/strong> Nadie esperaba hace apenas dos temporadas semejante \u00e9xito de la televisi\u00f3n p\u00fablica estatal.<\/p>\n\n\n\n<p class=\"wp-block-paragraph\">En siete d\u00e9cadas TVE ha vivido distintas etapas. La primera, hasta el 75, fue relatora de la dictadura criminal con loas al tirano y series como\u00a0<em>Cr\u00f3nicas de un pueblo<\/em>. Por entonces el televisor, como el seiscientos, era la m\u00e1scara de un escu\u00e1lido desarrollismo y una moral de campanario. <strong>En la segunda etapa, hacia los 90, tap\u00f3 los delitos y el culo de Juan Carlos de Borb\u00f3n bajo el f\u00e9rreo control de Alfonso Guerra y Calvi\u00f1o. <\/strong>La tercera corresponde con la grosera irrupci\u00f3n, obra de Felipe Gonz\u00e1lez, de las cadenas privadas y el reinado de la telebasura. La cuarta fue la m\u00e1s corrupta con los noticiarios envenados de Alfredo Urdaci, quien llev\u00f3 la mentira a sus m\u00e1s altas cotas el 11-M. En la quinta sufri\u00f3 su experiencia m\u00e1s negra, cuando Zapatero regal\u00f3 a empresas particulares la publicidad que la hac\u00eda competitiva. <strong>Y la actual es la m\u00e1s parad\u00f3jica, pues est\u00e1 librando con acierto una inteligente confrontaci\u00f3n contra la amenaza del neofranquismo del PP y Vox.<\/strong><\/p>\n\n\n\n<p class=\"wp-block-paragraph\">TVE ha sido franquista hasta el horror, es abiertamente mon\u00e1rquica (ah\u00ed est\u00e1 el oprobioso servilismo de\u00a0<em>Audiencia Abierta<\/em>), pero <strong>hoy quiere ser el altavoz democr\u00e1tico contra Trump, el populismo y la dictadura que viene. Necesitamos esta \u00e9pica y no una nueva marca gr\u00e1fica.<\/strong><\/p>\n\n\n\n<p class=\"has-text-align-right wp-block-paragraph\"><strong>JOS\u00c9 RAM\u00d3N BL\u00c1ZQUEZ<\/strong><\/p>\n<!-- AddThis Advanced Settings generic via filter on the_content --><!-- AddThis Share Buttons generic via filter on the_content -->","protected":false},"excerpt":{"rendered":"<p>Y a los 70 a\u00f1os resucit\u00f3. TVE, inaugurada por Franco junto a Fraga, su ministro de propaganda, est\u00e1 dando un revolc\u00f3n a las audiencias de los canales privados. Descapitalizada en 2010 tras la p\u00e9rdida de su fuente de financiaci\u00f3n, los anuncios, est\u00e1 ahora a unas d\u00e9cimas de superar a Antena 3 en el liderazgo con &hellip; <a href=\"https:\/\/blogs.deia.eus\/desmarcados\/2026\/09\/01\/tve-y-la-guerra-justa\/\" class=\"more-link\">Sigue leyendo <span class=\"screen-reader-text\">TVE y la guerra justa<\/span><\/a><!-- AddThis Advanced Settings generic via filter on get_the_excerpt --><!-- AddThis Share Buttons generic via filter on get_the_excerpt --><\/p>\n","protected":false},"author":46,"featured_media":0,"comment_status":"open","ping_status":"open","sticky":false,"template":"","format":"standard","meta":{"footnotes":""},"categories":[1],"tags":[],"class_list":["post-6402","post","type-post","status-publish","format-standard","hentry","category-sin-categoria"],"_links":{"self":[{"href":"https:\/\/blogs.deia.eus\/desmarcados\/wp-json\/wp\/v2\/posts\/6402","targetHints":{"allow":["GET"]}}],"collection":[{"href":"https:\/\/blogs.deia.eus\/desmarcados\/wp-json\/wp\/v2\/posts"}],"about":[{"href":"https:\/\/blogs.deia.eus\/desmarcados\/wp-json\/wp\/v2\/types\/post"}],"author":[{"embeddable":true,"href":"https:\/\/blogs.deia.eus\/desmarcados\/wp-json\/wp\/v2\/users\/46"}],"replies":[{"embeddable":true,"href":"https:\/\/blogs.deia.eus\/desmarcados\/wp-json\/wp\/v2\/comments?post=6402"}],"version-history":[{"count":1,"href":"https:\/\/blogs.deia.eus\/desmarcados\/wp-json\/wp\/v2\/posts\/6402\/revisions"}],"predecessor-version":[{"id":6404,"href":"https:\/\/blogs.deia.eus\/desmarcados\/wp-json\/wp\/v2\/posts\/6402\/revisions\/6404"}],"wp:attachment":[{"href":"https:\/\/blogs.deia.eus\/desmarcados\/wp-json\/wp\/v2\/media?parent=6402"}],"wp:term":[{"taxonomy":"category","embeddable":true,"href":"https:\/\/blogs.deia.eus\/desmarcados\/wp-json\/wp\/v2\/categories?post=6402"},{"taxonomy":"post_tag","embeddable":true,"href":"https:\/\/blogs.deia.eus\/desmarcados\/wp-json\/wp\/v2\/tags?post=6402"}],"curies":[{"name":"wp","href":"https:\/\/api.w.org\/{rel}","templated":true}]}}