{"id":1450,"date":"2015-08-08T11:03:03","date_gmt":"2015-08-08T09:03:03","guid":{"rendered":"http:\/\/blogs.deia.com\/diseno-a-sorbos\/?p=1450"},"modified":"2015-08-08T11:03:03","modified_gmt":"2015-08-08T09:03:03","slug":"crossover-bogando-por-la-red-anacronico-rajoy","status":"publish","type":"post","link":"https:\/\/blogs.deia.eus\/diseno-a-sorbos\/2015\/08\/08\/crossover-bogando-por-la-red-anacronico-rajoy\/","title":{"rendered":"Crossover \u00abBogando por la red\u00bb: Anacr\u00f3nico Rajoy"},"content":{"rendered":"<p><em>Un crossover \u00a0es la interrelaci\u00f3n de historias o personajes de diferentes lugares, ya sea de televisi\u00f3n , de c\u00f3mics, videojuegos o en el cine. Inauguro un crossover entre \u201cDise\u00f1o a sorbos\u201d y \u201cBogando por la red\u201d ya que mi compa\u00f1ero, y amigo, Iker Merodio, me ha pedido que escriba su columna de Deia durante sus merecidas vacaciones.<\/em><\/p>\n<p><strong>Anacr\u00f3nico Rajoy<\/strong><\/p>\n<p><a href=\"http:\/\/blogs.deia.com\/diseno-a-sorbos\/files\/2015\/08\/anacronico_rajoy_web.jpg\"><img loading=\"lazy\" decoding=\"async\" class=\"alignnone size-medium wp-image-1451\" src=\"http:\/\/blogs.deia.com\/diseno-a-sorbos\/files\/2015\/08\/anacronico_rajoy_web-580x481.jpg\" alt=\"anacronico_rajoy_web\" width=\"580\" height=\"481\" srcset=\"https:\/\/blogs.deia.eus\/diseno-a-sorbos\/files\/2015\/08\/anacronico_rajoy_web-580x481.jpg 580w, https:\/\/blogs.deia.eus\/diseno-a-sorbos\/files\/2015\/08\/anacronico_rajoy_web.jpg 850w\" sizes=\"auto, (max-width: 580px) 100vw, 580px\" \/><\/a><\/p>\n<p>Llevo varios d\u00edas leyendo la noticia, en la reposici\u00f3n del programa de Jos\u00e9 Mota se han retirado las escenas de Mariano Rajoy. Ahora veo con asombro la justificaci\u00f3n del director de TVE, \u00abescenas c\u00f3micas referidas a personajes p\u00fablicos resultar\u00eda ahora totalmente anacr\u00f3nica, ya que podr\u00eda dar lugar a error o confusi\u00f3n por parte del telespectador\u00bb (<em>El Plural<\/em>). Con lo que me da la impresi\u00f3n que, o bien, insulta a la inteligencia de la audiencia, o hace un uso partidista de la televisi\u00f3n p\u00fablica. Elijan ustedes.<\/p>\n<p><strong>Algo est\u00e1 cambiando en la Iglesia<\/strong><\/p>\n<p>El obispado de C\u00e1diz impide a Alex Salinas, un joven transexual, ser padrino del bautizo de su sobrino, el titular es claro y contundente, recogido hace una semana en <em>Vox Populi<\/em>. El mismo medio nos informa que el obispo Rafael Zornoza, despu\u00e9s de \u201cinvestigar y documentarse sobre esta cuesti\u00f3n\u201d, ha autorizado que sea testigo del acto sacramental, con lo que el bautizo se celebrar\u00e1 en las pr\u00f3ximas fechas. No hay que echar demasiado la vista atr\u00e1s para darse cuenta que algo est\u00e1 cambiando en la Iglesia.<\/p>\n<p><strong>6.000 millones de d\u00e9ficit <\/strong><\/p>\n<p>La campa\u00f1a electoral en Catalu\u00f1a va a ser recordada por innumerables razones, una de ellas por el fuego cruzado y los f\u00e9rreos posicionamientos. <em>El Confidencial<\/em>\u00a0 entra en juego publicando hoy que \u00abCatalu\u00f1a tendr\u00e1 un d\u00e9ficit de 6.068 millones en su sistema de pensiones\u00bb. Esta va a ser la t\u00f3nica dominante, acusaciones y datos destinados a minar la opci\u00f3n de que es viable crear un nuevo Estado, arrojar cifras interesadas y ocultar las incomodas ha sido la norma entre los p\u00e9treos defensores de la unidad de Espa\u00f1a.<\/p>\n<p><strong>El Estado apalea a Catalu\u00f1a<\/strong><\/p>\n<p>Mientras unos juegan con los guarismos, el cabeza de lista de Junts pel s\u00ed, Ra\u00fcl Romeva, denuncia que \u00abel Estado apalea a Catalu\u00f1a de arriba a abajo con leyes injustas y regresivas\u00bb, con multas millonarias por ejercer la libertad de expresi\u00f3n, con querellas por el 9N y con amenazas que ha tachado de cobardes (<em>Diario Cr\u00edtico<\/em>). Considera que cualquier atisbo de dialogo se cercen\u00f3 con la sentencia del Tribunal Constitucional sobre el Estatut. Veremos lo que nos depara el proceso, pero el \u00f3rdago est\u00e1 lanzado.<\/p>\n<p><strong>Pedaleando contra la ELA de Granada a Santiago<\/strong><\/p>\n<p>La Esclerosis Lateral Amiotr\u00f3fica (ELA) es una terrible enfermedad degenerativa e incurable, la recordareis por los cubos de agua helada que se lanzaban sobre la cabeza con el fin de recoger fondos para la investigaci\u00f3n. A trav\u00e9s de <em>El Confidencial, <\/em>he llegado a la web de Jorge Abarca, un enfermo de ELA, que se plantea retos con el fin de recaudar fondos para conseguir un tratamiento eficaz. Le env\u00edo todo mi \u00e1nimo en su desaf\u00edo de recorrer pedaleando los 1300 kil\u00f3metros que separan Granada de Santiago.<\/p>\n<p>&nbsp;<\/p>\n<!-- AddThis Advanced Settings generic via filter on the_content --><!-- AddThis Share Buttons generic via filter on the_content -->","protected":false},"excerpt":{"rendered":"<p>Un crossover \u00a0es la interrelaci\u00f3n de historias o personajes de diferentes lugares, ya sea de televisi\u00f3n , de c\u00f3mics, videojuegos o en el cine. Inauguro un crossover entre \u201cDise\u00f1o a sorbos\u201d y \u201cBogando por la red\u201d ya que mi compa\u00f1ero, y amigo, Iker Merodio, me ha pedido que escriba su columna de Deia durante sus &hellip; <a href=\"https:\/\/blogs.deia.eus\/diseno-a-sorbos\/2015\/08\/08\/crossover-bogando-por-la-red-anacronico-rajoy\/\" class=\"more-link\">Sigue leyendo <span class=\"screen-reader-text\">Crossover \u00abBogando por la red\u00bb: Anacr\u00f3nico Rajoy<\/span><\/a><!-- AddThis Advanced Settings generic via filter on get_the_excerpt --><!-- AddThis Share Buttons generic via filter on get_the_excerpt --><\/p>\n","protected":false},"author":88,"featured_media":0,"comment_status":"open","ping_status":"open","sticky":false,"template":"","format":"standard","meta":{"footnotes":""},"categories":[42455],"tags":[16298,9862,20705,73870,326,73871,70449,99,73865,383,73868,73864],"class_list":["post-1450","post","type-post","status-publish","format-standard","hentry","category-bogando-por-la-red","tag-cataluna","tag-deficit","tag-ela","tag-esclerosis-lateral-amiotrofica","tag-iglesia","tag-jorge-abarca","tag-jose-mota","tag-pp","tag-rafael-zornoza","tag-rajoy","tag-raul-romeva","tag-transexual"],"_links":{"self":[{"href":"https:\/\/blogs.deia.eus\/diseno-a-sorbos\/wp-json\/wp\/v2\/posts\/1450","targetHints":{"allow":["GET"]}}],"collection":[{"href":"https:\/\/blogs.deia.eus\/diseno-a-sorbos\/wp-json\/wp\/v2\/posts"}],"about":[{"href":"https:\/\/blogs.deia.eus\/diseno-a-sorbos\/wp-json\/wp\/v2\/types\/post"}],"author":[{"embeddable":true,"href":"https:\/\/blogs.deia.eus\/diseno-a-sorbos\/wp-json\/wp\/v2\/users\/88"}],"replies":[{"embeddable":true,"href":"https:\/\/blogs.deia.eus\/diseno-a-sorbos\/wp-json\/wp\/v2\/comments?post=1450"}],"version-history":[{"count":1,"href":"https:\/\/blogs.deia.eus\/diseno-a-sorbos\/wp-json\/wp\/v2\/posts\/1450\/revisions"}],"predecessor-version":[{"id":1452,"href":"https:\/\/blogs.deia.eus\/diseno-a-sorbos\/wp-json\/wp\/v2\/posts\/1450\/revisions\/1452"}],"wp:attachment":[{"href":"https:\/\/blogs.deia.eus\/diseno-a-sorbos\/wp-json\/wp\/v2\/media?parent=1450"}],"wp:term":[{"taxonomy":"category","embeddable":true,"href":"https:\/\/blogs.deia.eus\/diseno-a-sorbos\/wp-json\/wp\/v2\/categories?post=1450"},{"taxonomy":"post_tag","embeddable":true,"href":"https:\/\/blogs.deia.eus\/diseno-a-sorbos\/wp-json\/wp\/v2\/tags?post=1450"}],"curies":[{"name":"wp","href":"https:\/\/api.w.org\/{rel}","templated":true}]}}