{"id":2276,"date":"2018-07-07T13:19:48","date_gmt":"2018-07-07T11:19:48","guid":{"rendered":"http:\/\/blogs.deia.eus\/diseno-a-sorbos\/?p=2276"},"modified":"2018-07-07T13:19:48","modified_gmt":"2018-07-07T11:19:48","slug":"bogando-por-la-red-pablo-casado-defiende-la-lista-mas-votada","status":"publish","type":"post","link":"https:\/\/blogs.deia.eus\/diseno-a-sorbos\/2018\/07\/07\/bogando-por-la-red-pablo-casado-defiende-la-lista-mas-votada\/","title":{"rendered":"Bogando por la red: Pablo Casado defiende la lista m\u00e1s votada"},"content":{"rendered":"<p><em>Retorno brevemente a patronear la columna de mi amigo y compa\u00f1ero Iker Merodio. El pr\u00f3ximo martes podr\u00e9is dejar de sufrir con el retorno del titular y mi vuelta al banquillo.\u00a0<\/em><\/p>\n<p><strong>Pablo Casado defiende la lista m\u00e1s votada<\/strong><\/p>\n<p><a href=\"http:\/\/blogs.deia.eus\/diseno-a-sorbos\/files\/2018\/07\/pablo_casaso_lista_votada.jpg\"><img loading=\"lazy\" decoding=\"async\" class=\"alignnone size-medium wp-image-2277\" src=\"http:\/\/blogs.deia.eus\/diseno-a-sorbos\/files\/2018\/07\/pablo_casaso_lista_votada-580x598.jpg\" alt=\"\" width=\"580\" height=\"598\" srcset=\"https:\/\/blogs.deia.eus\/diseno-a-sorbos\/files\/2018\/07\/pablo_casaso_lista_votada-580x598.jpg 580w, https:\/\/blogs.deia.eus\/diseno-a-sorbos\/files\/2018\/07\/pablo_casaso_lista_votada.jpg 619w\" sizes=\"auto, (max-width: 580px) 100vw, 580px\" \/><\/a><\/p>\n<p>En todas sus declaraciones p\u00fablicas, el candidato a liderar el Partido Popular, Pablo Casado, ha repetido hasta la saciedad que respetar\u00e1 las normas que marcaron al iniciarse el proceso, tras ocupar la segunda posici\u00f3n. En resumidas cuentas, las se\u00f1as reclamando apoyo a sus rivales, en especial a Mar\u00eda Dolores de Cospedal, son dignas del m\u00e1s nefasto jugador de mus. Sus justificaciones son v\u00e1lidas, sin embargo, no deja de arrancar una sonrisa su pasada y numantina defensa a favor de que gobierne la lista m\u00e1s votada que comparten en \u201cMaldita Hemeroteca\u201d.<\/p>\n<p><strong>En manos de Cospedal<\/strong><\/p>\n<p>Los gui\u00f1os de Pablo Casado a Mar\u00eda Dolores de Cospedal parece que no han ca\u00eddo en saco roto. Seg\u00fan publican varios medios digitales, los barones m\u00e1s cercanos a la vicepresidenta del partido dan por hecho el acuerdo con Casado. La conocida enemistad que une a Cospedal con la vencedora de la contienda, Soraya S\u00e1ez de Santamar\u00eda, hace sospechar que el acuerdo no resultar\u00e1 dificultoso. La alternativa es una segura condena al ostracismo dentro de un aparato del partido, que con tanto tino ha manejado. A\u00fan le restan muchos hilos de los que tirar.<\/p>\n<p><strong>El ducado de Franco<\/strong><\/p>\n<p>El Partido Popular, como el Cid Campeador, continua ganando sus batallas tras su muerte gubernamental. Acaban de escribir otro sonrojarte cap\u00edtulo en su reconocido desprecio por la ley memoria hist\u00f3rica. El exministro de justicia, Rafael Catal\u00e1, dej\u00f3 bien atada la sucesi\u00f3n del ducado de Franco a favor de Carmen Mart\u00ednez-Bordiu. Al anacronismo de la existencia de una clase superior se une el reconocimiento al recuerdo de un dictador. En ese espejo de Europa, en el que algunos tanto les gusta mirarse, ser\u00eda impensable un ducado de Hitler o marquesado de Mussolini.<\/p>\n<p><strong>El txupinazo de Motxila 21<\/strong><\/p>\n<p>Ya han pasado los a\u00f1os en los que la pol\u00e9mica rodeaba al txupinazo de San Ferm\u00edn, aquellos en los que los miembros de la corporaci\u00f3n municipal eran los encargados del arranque de las fiestas. En una acertada decisi\u00f3n, diversos colectivos de reconocido arraigo en tierras navarras han lanzado el cohete en las \u00faltimas ediciones. Ayer, los representantes de Motxila 21, un colectivo musical apadrinado por Enrique Villarreal, cuyos j\u00f3venes componentes tienen s\u00edndrome de Down, protagonizaron el lanzamiento. Lo destacable de ellos es su m\u00fasica.<\/p>\n<p><strong>Detr\u00e1s del Mac<\/strong><\/p>\n<p>No cabe ninguna duda del inter\u00e9s comercial de la campa\u00f1a \u201cDetr\u00e1s del Mac\u201d que ha lanzado Apple, en ella nos muestran el lado humano que se oculta tras sus dispositivos. Los de Cupertino han comenzado con el reputado fot\u00f3grafo Bruce Hall. Se trata de un discapacitado visual, cuya capacidad de trabajo ha mejorado gracias a los avances de sus ordenadores. La utilizaci\u00f3n sensiblera de la publicidad es un recurso del que hemos visto innumerables ejemplos, a\u00fan as\u00ed, la historia resulta interesante. Conocemos los precedentes y seguro que mantienen el nivel.<\/p>\n<!-- AddThis Advanced Settings generic via filter on the_content --><!-- AddThis Share Buttons generic via filter on the_content -->","protected":false},"excerpt":{"rendered":"<p>Retorno brevemente a patronear la columna de mi amigo y compa\u00f1ero Iker Merodio. El pr\u00f3ximo martes podr\u00e9is dejar de sufrir con el retorno del titular y mi vuelta al banquillo.\u00a0 Pablo Casado defiende la lista m\u00e1s votada En todas sus declaraciones p\u00fablicas, el candidato a liderar el Partido Popular, Pablo Casado, ha repetido hasta la &hellip; <a href=\"https:\/\/blogs.deia.eus\/diseno-a-sorbos\/2018\/07\/07\/bogando-por-la-red-pablo-casado-defiende-la-lista-mas-votada\/\" class=\"more-link\">Sigue leyendo <span class=\"screen-reader-text\">Bogando por la red: Pablo Casado defiende la lista m\u00e1s votada<\/span><\/a><!-- AddThis Advanced Settings generic via filter on get_the_excerpt --><!-- AddThis Share Buttons generic via filter on get_the_excerpt --><\/p>\n","protected":false},"author":88,"featured_media":0,"comment_status":"open","ping_status":"open","sticky":false,"template":"","format":"standard","meta":{"footnotes":""},"categories":[42455],"tags":[25143,138000,61336,30329,137999,137998,137997,11274,54085,42839,137996,64971,57820,99,63012,37854],"class_list":["post-2276","post","type-post","status-publish","format-standard","hentry","category-bogando-por-la-red","tag-apple","tag-bruce-hall","tag-carmen-martinez-bordiu","tag-cospedal","tag-detras-del-mac","tag-el-drogas","tag-enrique-villarreal","tag-franco","tag-mac","tag-maria-dolores-de-cospedal","tag-motxila-21","tag-pablo-casado","tag-partido-popular","tag-pp","tag-soraya-saez-de-santamaria","tag-txupinazo"],"_links":{"self":[{"href":"https:\/\/blogs.deia.eus\/diseno-a-sorbos\/wp-json\/wp\/v2\/posts\/2276","targetHints":{"allow":["GET"]}}],"collection":[{"href":"https:\/\/blogs.deia.eus\/diseno-a-sorbos\/wp-json\/wp\/v2\/posts"}],"about":[{"href":"https:\/\/blogs.deia.eus\/diseno-a-sorbos\/wp-json\/wp\/v2\/types\/post"}],"author":[{"embeddable":true,"href":"https:\/\/blogs.deia.eus\/diseno-a-sorbos\/wp-json\/wp\/v2\/users\/88"}],"replies":[{"embeddable":true,"href":"https:\/\/blogs.deia.eus\/diseno-a-sorbos\/wp-json\/wp\/v2\/comments?post=2276"}],"version-history":[{"count":1,"href":"https:\/\/blogs.deia.eus\/diseno-a-sorbos\/wp-json\/wp\/v2\/posts\/2276\/revisions"}],"predecessor-version":[{"id":2278,"href":"https:\/\/blogs.deia.eus\/diseno-a-sorbos\/wp-json\/wp\/v2\/posts\/2276\/revisions\/2278"}],"wp:attachment":[{"href":"https:\/\/blogs.deia.eus\/diseno-a-sorbos\/wp-json\/wp\/v2\/media?parent=2276"}],"wp:term":[{"taxonomy":"category","embeddable":true,"href":"https:\/\/blogs.deia.eus\/diseno-a-sorbos\/wp-json\/wp\/v2\/categories?post=2276"},{"taxonomy":"post_tag","embeddable":true,"href":"https:\/\/blogs.deia.eus\/diseno-a-sorbos\/wp-json\/wp\/v2\/tags?post=2276"}],"curies":[{"name":"wp","href":"https:\/\/api.w.org\/{rel}","templated":true}]}}