{"id":13338,"date":"2020-03-21T12:11:03","date_gmt":"2020-03-21T11:11:03","guid":{"rendered":"http:\/\/blogs.deia.eus\/el-paseante\/?p=13338"},"modified":"2020-03-24T11:41:44","modified_gmt":"2020-03-24T10:41:44","slug":"cronicas-del-coronavirus-6-rumorologia","status":"publish","type":"post","link":"https:\/\/blogs.deia.eus\/el-paseante\/2020\/03\/21\/cronicas-del-coronavirus-6-rumorologia\/","title":{"rendered":"CR\u00d3NICAS DEL CORONAVIRUS (6.-Rumorolog\u00eda)"},"content":{"rendered":"\n<figure class=\"wp-block-image is-resized\"><img loading=\"lazy\" decoding=\"async\" src=\"http:\/\/ibiltaria.vicentehuici.com\/wp-content\/uploads\/2020\/03\/mc-luhan.jpg\" alt=\"\" class=\"wp-image-355\" width=\"345\" height=\"225\" \/><\/figure>\n\n\n\n<p>Hay ya mucha gente que  est\u00e1 dejando de leer y ver todo lo que le \nllega por las redes sociales . Lo est\u00e1 haciendo por saturaci\u00f3n en un \ndoble sentido:  porque son muchos los mensajes y porque adem\u00e1s son \nreiterativos por no decir multiplicados.<\/p>\n\n\n\n<p>Entre los mensajes recibidos hay de todo, desde recomendaciones de \nlectura y cine hasta gu\u00edas para la elaboraci\u00f3n r\u00e1pida de mascarillas,  \npero  los que m\u00e1s acaban irritando son aquellos que opinan  al \ntresbolillo sobre los m\u00e1s variopintos aspectos de esta crisis  tan \nsanitaria como econ\u00f3mica, tan pol\u00edtica como social . <\/p>\n\n\n\n<p>Al respecto sobresalen los que difunden rumores con el a\u00f1adido colateral de que muchos de ellos est\u00e1n basados en descaradas <em>fake-news<\/em>  y que vienen avalados por supuestos expertos, constituyendo un fen\u00f3meno  que mi colega de blogosfera I\u00f1aki Murua ha denominado, con  gran acierto  y perspicacia , \u00abcu\u00f1adismo digital\u00bb.<\/p>\n\n\n\n<p>Pero, en realidad, y como dir\u00eda aquel ( \u00bf qui\u00e9n?) , esto es m\u00e1s viejo\n que la pana: se trata del viejo fen\u00f3meno que en tiempos pasados  se \nllamaba <em> radio-macuto<\/em>,  si bien aquella rumorolog\u00eda no \nimpregnaba sino a peque\u00f1os y espec\u00edficos  grupos  ( era notable su uso, \ncomo su nombre indica,entre quienes hac\u00edan la<em> mili<\/em> ). Pero \nahora, claro,ha tomado  una dimensi\u00f3n  cuasi universal como consecuencia\n de la potencialidad distributiva del  mundo electr\u00f3nico. <\/p>\n\n\n\n<p>Aun as\u00ed, no habr\u00eda que darle mayor importancia  a esta \ndemocratizaci\u00f3n un tanto delirante de la comunicaci\u00f3n, pues el rumor, \nque no es sino el acicate mayor del cotilleo, ayuda y mucho seg\u00fan \nalgunas teor\u00edas  antropol\u00f3gicas a hacer germinar una y otra vez la \nsocialidad, y m\u00e1s entre los confinados. <\/p>\n\n\n\n<p>A fin de cuentas ya dijo  Marshall McLuhan , en una obra titulada <em>Comprender los medios de comunicaci\u00f3n: Las extensiones del ser humano<\/em>)  (1964) aquello de \u00abel medio es el mensaje\u00bb  para indicar que m\u00e1s all\u00e1  de lo que nos dicen y de lo que decimos ,  de lo que nos enviamos y  recibimos, lo importante es que mantenenos la relaci\u00f3n a trav\u00e9s de ese  medio que utilizamos. Y  eso hasta tal punto que el mismo McLuhan acept\u00f3  la  broma de llegar a postular que \u00abel medio es el masaje\u00bb que nos  frota\u2026Incluso hasta la irritaci\u00f3n, hasta  la saturaci\u00f3n\u2026<\/p>\n\n\n\n<p><strong>#yomequedoencasa<\/strong><\/p>\n<!-- AddThis Advanced Settings generic via filter on the_content --><!-- AddThis Share Buttons generic via filter on the_content -->","protected":false},"excerpt":{"rendered":"<p>Hay ya mucha gente que est\u00e1 dejando de leer y ver todo lo que le llega por las redes sociales . Lo est\u00e1 haciendo por saturaci\u00f3n en un doble sentido: porque son muchos los mensajes y porque adem\u00e1s son reiterativos por no decir multiplicados. Entre los mensajes recibidos hay de todo, desde recomendaciones de lectura &hellip; <a href=\"https:\/\/blogs.deia.eus\/el-paseante\/2020\/03\/21\/cronicas-del-coronavirus-6-rumorologia\/\" class=\"more-link\">Sigue leyendo <span class=\"screen-reader-text\">CR\u00d3NICAS DEL CORONAVIRUS (6.-Rumorolog\u00eda)<\/span><\/a><!-- AddThis Advanced Settings generic via filter on get_the_excerpt --><!-- AddThis Share Buttons generic via filter on get_the_excerpt --><\/p>\n","protected":false},"author":110,"featured_media":0,"comment_status":"open","ping_status":"open","sticky":false,"template":"","format":"standard","meta":{"footnotes":""},"categories":[1544],"tags":[],"class_list":["post-13338","post","type-post","status-publish","format-standard","hentry","category-sin-categoria"],"_links":{"self":[{"href":"https:\/\/blogs.deia.eus\/el-paseante\/wp-json\/wp\/v2\/posts\/13338","targetHints":{"allow":["GET"]}}],"collection":[{"href":"https:\/\/blogs.deia.eus\/el-paseante\/wp-json\/wp\/v2\/posts"}],"about":[{"href":"https:\/\/blogs.deia.eus\/el-paseante\/wp-json\/wp\/v2\/types\/post"}],"author":[{"embeddable":true,"href":"https:\/\/blogs.deia.eus\/el-paseante\/wp-json\/wp\/v2\/users\/110"}],"replies":[{"embeddable":true,"href":"https:\/\/blogs.deia.eus\/el-paseante\/wp-json\/wp\/v2\/comments?post=13338"}],"version-history":[{"count":4,"href":"https:\/\/blogs.deia.eus\/el-paseante\/wp-json\/wp\/v2\/posts\/13338\/revisions"}],"predecessor-version":[{"id":13371,"href":"https:\/\/blogs.deia.eus\/el-paseante\/wp-json\/wp\/v2\/posts\/13338\/revisions\/13371"}],"wp:attachment":[{"href":"https:\/\/blogs.deia.eus\/el-paseante\/wp-json\/wp\/v2\/media?parent=13338"}],"wp:term":[{"taxonomy":"category","embeddable":true,"href":"https:\/\/blogs.deia.eus\/el-paseante\/wp-json\/wp\/v2\/categories?post=13338"},{"taxonomy":"post_tag","embeddable":true,"href":"https:\/\/blogs.deia.eus\/el-paseante\/wp-json\/wp\/v2\/tags?post=13338"}],"curies":[{"name":"wp","href":"https:\/\/api.w.org\/{rel}","templated":true}]}}