{"id":18387,"date":"2022-02-04T08:40:00","date_gmt":"2022-02-04T07:40:00","guid":{"rendered":"https:\/\/blogs.deia.eus\/el-paseante\/?p=18387"},"modified":"2022-02-04T09:14:55","modified_gmt":"2022-02-04T08:14:55","slug":"el-espacio-conservador","status":"publish","type":"post","link":"https:\/\/blogs.deia.eus\/el-paseante\/2022\/02\/04\/el-espacio-conservador\/","title":{"rendered":"EL ESPACIO (conservador)"},"content":{"rendered":"\n<figure class=\"wp-block-image size-full is-resized\"><img loading=\"lazy\" decoding=\"async\" src=\"https:\/\/blogs.deia.eus\/el-paseante\/files\/2022\/02\/ee001983.jpg\" alt=\"\" class=\"wp-image-18394\" width=\"171\" height=\"228\" srcset=\"https:\/\/blogs.deia.eus\/el-paseante\/files\/2022\/02\/ee001983.jpg 351w, https:\/\/blogs.deia.eus\/el-paseante\/files\/2022\/02\/ee001983-113x150.jpg 113w\" sizes=\"auto, (max-width: 171px) 100vw, 171px\" \/><\/figure>\n\n\n\n<p>Compruebo que , una vez m\u00e1s, las disputas sobre la territoralidad  est\u00e1n de nuevo al pil-pil, bien desde una \u00f3ptica<em> macro<\/em>, como en el caso de Ucrania, o bien <em>micro<\/em>, como en la delimitaci\u00f3n del \u00e1mbito de la negociaci\u00f3n laboral, o incluso <em>mini<\/em>, como en los  refer\u00e9ndums ( ya s\u00e9 que deber\u00eda decir <em>referenda<\/em>) que tras convertirse en unos <em>sifer\u00e9ndums<\/em> de larga tradici\u00f3n hispana, favorecen las dexanexiones de barrios enteros y verdaderos.<\/p>\n\n\n\n<p>Pero basta leer  en diagonal  el c\u00e9lebre tratado  <em><a href=\"https:\/\/es.scribd.com\/document\/141946129\/Bollnow-Hombre-y-Espacio-2\">Hombre y Espacio<\/a><\/em>, de O. F.Bollnow, o si se va de vagoneta el pr\u00f3logo <em> ad hoc<\/em> de V\u00edctor d\u00b4\u00b4 Ors , para constatar &#8211; sin alabar ni condenar-  que  la reivindicaci\u00f3n de lo espacial frente a lo temporal pertenece en principio al \u00e1mbito ideol\u00f3gico conservador. <\/p>\n\n\n\n<p>Pues  desde el siglo XIX ,ante los avatares temporales \u2013 sobre todo, \u00a1 Oh cielos! ante La Revoluci\u00f3n- el espacio consuela y sirve de refugio al<em> tradicionalista<\/em>, ya que le permite  huir del <a href=\"https:\/\/huicirakurlea.blogspot.com\/2021\/02\/los-tiempos-de-la-ultramodernidad-el.html\">\u00abtiempo  explosivo\u00bb &#8211; que dir\u00eda Georges Gurvitch<\/a> &#8211;  tan devorador del orden y concierto del Antiguo R\u00e9gimen, y aislarse en lugares <em>privilegiados<\/em> ,rigurosamente vigilados desde las atalayas de las correspondientes casas-torre ( f\u00edsicas y metaf\u00edsicas)<\/p>\n\n\n\n<p>Y es que, otro s\u00ed, a la vista est\u00e1 que todos los conservadores que en mundo han sido, desde los <em>junkers <\/em>hasta los <em>jauntxos<\/em>, han intentado soslayar el cambio , cualquier cambio, afianz\u00e1ndose en un territorio  m\u00e1s o menos hist\u00f3rico ( cuando no <em>hist\u00e9rico<\/em>&#8211; en su sentido etimol\u00f3gico), reivindicando mayormente alg\u00fan  tiempo \u201cmuerto\u201d  de dataci\u00f3n  problem\u00e1tica o incluso <em>sin dataci\u00f3n<\/em>, como ocurri\u00f3 en su momento con la morri\u00f1a por la Edad Media (bastante idealizada, por cierto) de los  <a href=\"https:\/\/www.akal.com\/libro\/sociedad-y-conocimiento_34497\/\">neo-conservadores<\/a> alemanes que luego legitimaron el nazismo.<\/p>\n\n\n\n<p>La conversi\u00f3n de la burgues\u00eda progresista en conservadora en clave gatopardiana &#8211; \u00abcambiar todo para que nada  cambie\u00bb &#8211; transmiti\u00f3 la bandera roja liberal a lo que por entonces ya se denomin\u00f3 izquierda, pero el pecado original de la impronta espacial, alentada  por los nacionalismos emergentes de todo pelaje, no permiti\u00f3 despejar la inc\u00f3gnita temporal. Y gran parte de la izquierda se mantuvo en esto de derechas,  en una voltereta m\u00e1s complicada de explicar en algunos casos que  el milagro de la transubstanciaci\u00f3n&#8230; <\/p>\n\n\n\n<p>&#8230;Pero compruebo que me voy, me voy, y que  me l\u00edo ( <em>l\u00edes, l\u00ede, l\u00edomen&#8230;<\/em>) y tan solo me queda reformular  una pregunta que no por menos cl\u00e1sica puede ser menos acertada: <em>Quosque tandem abutere finibus, sinistra? <\/em><\/p>\n\n\n\n<p> <\/p>\n\n\n\n<p><\/p>\n<!-- AddThis Advanced Settings generic via filter on the_content --><!-- AddThis Share Buttons generic via filter on the_content -->","protected":false},"excerpt":{"rendered":"<p>Compruebo que , una vez m\u00e1s, las disputas sobre la territoralidad est\u00e1n de nuevo al pil-pil, bien desde una \u00f3ptica macro, como en el caso de Ucrania, o bien micro, como en la delimitaci\u00f3n del \u00e1mbito de la negociaci\u00f3n laboral, o incluso mini, como en los refer\u00e9ndums ( ya s\u00e9 que deber\u00eda decir referenda) que &hellip; <a href=\"https:\/\/blogs.deia.eus\/el-paseante\/2022\/02\/04\/el-espacio-conservador\/\" class=\"more-link\">Sigue leyendo <span class=\"screen-reader-text\">EL ESPACIO (conservador)<\/span><\/a><!-- AddThis Advanced Settings generic via filter on get_the_excerpt --><!-- AddThis Share Buttons generic via filter on get_the_excerpt --><\/p>\n","protected":false},"author":110,"featured_media":0,"comment_status":"open","ping_status":"open","sticky":false,"template":"","format":"standard","meta":{"footnotes":""},"categories":[1544],"tags":[],"class_list":["post-18387","post","type-post","status-publish","format-standard","hentry","category-sin-categoria"],"_links":{"self":[{"href":"https:\/\/blogs.deia.eus\/el-paseante\/wp-json\/wp\/v2\/posts\/18387","targetHints":{"allow":["GET"]}}],"collection":[{"href":"https:\/\/blogs.deia.eus\/el-paseante\/wp-json\/wp\/v2\/posts"}],"about":[{"href":"https:\/\/blogs.deia.eus\/el-paseante\/wp-json\/wp\/v2\/types\/post"}],"author":[{"embeddable":true,"href":"https:\/\/blogs.deia.eus\/el-paseante\/wp-json\/wp\/v2\/users\/110"}],"replies":[{"embeddable":true,"href":"https:\/\/blogs.deia.eus\/el-paseante\/wp-json\/wp\/v2\/comments?post=18387"}],"version-history":[{"count":13,"href":"https:\/\/blogs.deia.eus\/el-paseante\/wp-json\/wp\/v2\/posts\/18387\/revisions"}],"predecessor-version":[{"id":18404,"href":"https:\/\/blogs.deia.eus\/el-paseante\/wp-json\/wp\/v2\/posts\/18387\/revisions\/18404"}],"wp:attachment":[{"href":"https:\/\/blogs.deia.eus\/el-paseante\/wp-json\/wp\/v2\/media?parent=18387"}],"wp:term":[{"taxonomy":"category","embeddable":true,"href":"https:\/\/blogs.deia.eus\/el-paseante\/wp-json\/wp\/v2\/categories?post=18387"},{"taxonomy":"post_tag","embeddable":true,"href":"https:\/\/blogs.deia.eus\/el-paseante\/wp-json\/wp\/v2\/tags?post=18387"}],"curies":[{"name":"wp","href":"https:\/\/api.w.org\/{rel}","templated":true}]}}