{"id":18874,"date":"2022-04-06T09:09:55","date_gmt":"2022-04-06T07:09:55","guid":{"rendered":"https:\/\/blogs.deia.eus\/el-paseante\/?p=18874"},"modified":"2022-04-06T10:13:44","modified_gmt":"2022-04-06T08:13:44","slug":"ibant-oscuri","status":"publish","type":"post","link":"https:\/\/blogs.deia.eus\/el-paseante\/2022\/04\/06\/ibant-oscuri\/","title":{"rendered":"IBANT OBSCURI&#8230;"},"content":{"rendered":"\n<figure class=\"wp-block-image size-large is-resized\"><img loading=\"lazy\" decoding=\"async\" src=\"https:\/\/blogs.deia.eus\/el-paseante\/files\/2022\/04\/comparecencia-de-zelenski-en-el-congreso-de-los-diputados.r_d.891-511-940x705.jpeg\" alt=\"\" class=\"wp-image-18875\" width=\"334\" height=\"250\" srcset=\"https:\/\/blogs.deia.eus\/el-paseante\/files\/2022\/04\/comparecencia-de-zelenski-en-el-congreso-de-los-diputados.r_d.891-511-940x705.jpeg 940w, https:\/\/blogs.deia.eus\/el-paseante\/files\/2022\/04\/comparecencia-de-zelenski-en-el-congreso-de-los-diputados.r_d.891-511-580x435.jpeg 580w, https:\/\/blogs.deia.eus\/el-paseante\/files\/2022\/04\/comparecencia-de-zelenski-en-el-congreso-de-los-diputados.r_d.891-511-150x112.jpeg 150w, https:\/\/blogs.deia.eus\/el-paseante\/files\/2022\/04\/comparecencia-de-zelenski-en-el-congreso-de-los-diputados.r_d.891-511-768x576.jpeg 768w, https:\/\/blogs.deia.eus\/el-paseante\/files\/2022\/04\/comparecencia-de-zelenski-en-el-congreso-de-los-diputados.r_d.891-511.jpeg 990w\" sizes=\"auto, (max-width: 334px) 100vw, 334px\" \/><\/figure>\n\n\n\n<p><em>Conticuere omnes<\/em>&#8230;Prietas las filas en el hemiciclo, se impone poco a poco el silencio. <\/p>\n\n\n\n<p>A las cinco de la tarde, la Presidenta, nieta de un hombre tan leal a la Rep\u00fablica que bombarde\u00f3 la Generalitat en 1934 y luego fue fusilado por Franco en 1937, saluda a los y las presentes  y convoca al ausente que pronto aparecer\u00e1 en las pantallas dispuestas <em>ad hoc<\/em>. Sus palabras  recuerdan la proximidad moral de quienes no siendo Europa se siente  europeos, casi espa\u00f1oles.<\/p>\n\n\n\n<p><em> Intentique ora tenebant<\/em>&#8230;Por fin aparece  el Actor-Presidente en ropa caqui de campa\u00f1a. <\/p>\n\n\n\n<p>H\u00e9roe virgiliano,  con sus  versos , en diez minutos, conduce h\u00e1bilmente a los  y las concurrentes del Infierno de la Guerra al Para\u00edso de la Paz, reclamando  del \u00e1mbito privado  el boicot empresarial y del gobierno m\u00e1s armas ofensivas para soslayar  el Purgatorio.  <\/p>\n\n\n\n<p>Recuerda al efecto que la Avenida&nbsp;de los Cuerpos en el barrio Sklovazod de&nbsp;Bucha, fruto de la perfidia del Oso Ruso mientras no se demuestre lo contrario,  se puede  comprender mejor  evocando la Gernika destruida  de 1937 en otro  abril  tan cruel como este de 2022 &#8211; \u00abApril is the cruellest month&#8230;\u00bb T. S. Eliot- provocando una t\u00edmida algarab\u00eda en una  de las bancadas m\u00e1s pobladas.<\/p>\n\n\n\n<p>Dadas las oportunas gracias por el v\u00edvido testimonio, tambi\u00e9n en la lengua vern\u00e1cula- estridentemente traducida, por cierto-   del ahora General-en-Jefe,   nuestro Presidente Polivalente   <em>ab alto toro<\/em>   , en otros diez minutos, se ratifica en la europeidad del conflicto &#8211; \u00a1 Estamos Unidos! &#8211; y su relevancia para el futuro.<\/p>\n\n\n\n<p>Al cabo, la sesi\u00f3n se da por concluida,  mientras en  paralelo, el JEMAD &#8211; Jefe del Estado Mayor de la Defensa &#8211; ya da por  vencido al Agresor,  apuntando que a partir de mayo ser\u00e1 necesario  observar con detenimiento los movimientos arb\u00f3reos del Panda Chino, mudo pero sonriente como los antiguos mandarines, y con el manual de  Sun Tzu en ristre.<\/p>\n\n\n\n<p>Y diputados y diputadas y senadores y senadoras, invitados e invitadas, van poco a poco abandonando el hemiciclo entre saludos y abrazos, todos alegres y combativos ( y combativas, <em>of course<\/em>), felicit\u00e1ndose por haber cumplido con su deber&#8230;<em>Ibant&nbsp;obscuri&nbsp;sola sub nocte&nbsp;per umbram<\/em>&#8230;<\/p>\n<!-- AddThis Advanced Settings generic via filter on the_content --><!-- AddThis Share Buttons generic via filter on the_content -->","protected":false},"excerpt":{"rendered":"<p>Conticuere omnes&#8230;Prietas las filas en el hemiciclo, se impone poco a poco el silencio. A las cinco de la tarde, la Presidenta, nieta de un hombre tan leal a la Rep\u00fablica que bombarde\u00f3 la Generalitat en 1934 y luego fue fusilado por Franco en 1937, saluda a los y las presentes y convoca al ausente &hellip; <a href=\"https:\/\/blogs.deia.eus\/el-paseante\/2022\/04\/06\/ibant-oscuri\/\" class=\"more-link\">Sigue leyendo <span class=\"screen-reader-text\">IBANT OBSCURI&#8230;<\/span><\/a><!-- AddThis Advanced Settings generic via filter on get_the_excerpt --><!-- AddThis Share Buttons generic via filter on get_the_excerpt --><\/p>\n","protected":false},"author":110,"featured_media":0,"comment_status":"open","ping_status":"open","sticky":false,"template":"","format":"standard","meta":{"footnotes":""},"categories":[1544],"tags":[],"class_list":["post-18874","post","type-post","status-publish","format-standard","hentry","category-sin-categoria"],"_links":{"self":[{"href":"https:\/\/blogs.deia.eus\/el-paseante\/wp-json\/wp\/v2\/posts\/18874","targetHints":{"allow":["GET"]}}],"collection":[{"href":"https:\/\/blogs.deia.eus\/el-paseante\/wp-json\/wp\/v2\/posts"}],"about":[{"href":"https:\/\/blogs.deia.eus\/el-paseante\/wp-json\/wp\/v2\/types\/post"}],"author":[{"embeddable":true,"href":"https:\/\/blogs.deia.eus\/el-paseante\/wp-json\/wp\/v2\/users\/110"}],"replies":[{"embeddable":true,"href":"https:\/\/blogs.deia.eus\/el-paseante\/wp-json\/wp\/v2\/comments?post=18874"}],"version-history":[{"count":7,"href":"https:\/\/blogs.deia.eus\/el-paseante\/wp-json\/wp\/v2\/posts\/18874\/revisions"}],"predecessor-version":[{"id":18882,"href":"https:\/\/blogs.deia.eus\/el-paseante\/wp-json\/wp\/v2\/posts\/18874\/revisions\/18882"}],"wp:attachment":[{"href":"https:\/\/blogs.deia.eus\/el-paseante\/wp-json\/wp\/v2\/media?parent=18874"}],"wp:term":[{"taxonomy":"category","embeddable":true,"href":"https:\/\/blogs.deia.eus\/el-paseante\/wp-json\/wp\/v2\/categories?post=18874"},{"taxonomy":"post_tag","embeddable":true,"href":"https:\/\/blogs.deia.eus\/el-paseante\/wp-json\/wp\/v2\/tags?post=18874"}],"curies":[{"name":"wp","href":"https:\/\/api.w.org\/{rel}","templated":true}]}}