{"id":18908,"date":"2022-04-11T09:00:00","date_gmt":"2022-04-11T07:00:00","guid":{"rendered":"https:\/\/blogs.deia.eus\/el-paseante\/?p=18908"},"modified":"2022-04-12T07:58:06","modified_gmt":"2022-04-12T05:58:06","slug":"el-obispo-emerito-de-solsona","status":"publish","type":"post","link":"https:\/\/blogs.deia.eus\/el-paseante\/2022\/04\/11\/el-obispo-emerito-de-solsona\/","title":{"rendered":"EL OBISPO  ( em\u00e9rito de Solsona)"},"content":{"rendered":"\n<figure class=\"wp-block-image size-full is-resized\"><img loading=\"lazy\" decoding=\"async\" src=\"https:\/\/blogs.deia.eus\/el-paseante\/files\/2022\/04\/Coat_of_arms_of_Xavier_Novell_i_Goma.svg-2.png\" alt=\"\" class=\"wp-image-18913\" width=\"187\" height=\"199\" srcset=\"https:\/\/blogs.deia.eus\/el-paseante\/files\/2022\/04\/Coat_of_arms_of_Xavier_Novell_i_Goma.svg-2.png 495w, https:\/\/blogs.deia.eus\/el-paseante\/files\/2022\/04\/Coat_of_arms_of_Xavier_Novell_i_Goma.svg-2-141x150.png 141w\" sizes=\"auto, (max-width: 187px) 100vw, 187px\" \/><\/figure>\n\n\n\n<p>\u00abEl obispo de Solsona ha tenido dos gemelas\u00bb he le\u00eddo en un peri\u00f3dico. \u00a1Buen tema para ese escritor fino y agudo que es Quim Monz\u00f3 ! As\u00ed que har\u00e9 lo que pueda- Ya, ya s\u00e9 que es Lunes Santo, y con todos mis respetos  a <em>les<\/em> creyentes,  me acojo al dicho  de \u00bb lo cort\u00e9s no quita lo valiente\u00bb.<\/p>\n\n\n\n<p>Para empezar el obispo en cuesti\u00f3n &#8211;<em> \u00ab\u00a1No dig\u00e1is nombres, no dig\u00e1is nombres!\u00bb<\/em> -ya no es tal sino \u00abem\u00e9rito\u00bb, pues anunci\u00f3 prudentemente en agosto de 2021 su renuncia al gobierno pastoral de la di\u00f3cesis por motivos \u00abestrictamente personales\u00bb. Y quien ha tenido las gemelas es, <em>obviously<\/em>,  la mujer con la que en su momento mantuvo contacto carnal &#8211; <em> \u00ab\u00a1No dig\u00e1is nombres, no dig\u00e1is nombres!\u00bb<\/em> -, por cierto, y con perd\u00f3n,una escritora de novela er\u00f3tica y sat\u00e1nica &#8211;  Oh my God!<\/p>\n\n\n\n<p>Estos eventos consuetudinarios que acontecen  en la r\u00faa Cat\u00f3lica de vez en cuando, por  persistir en el celibato que en las iglesias cristianas  hermanas ya fue abolido tiempo ha, no dejan de recuperar  una vieja costumbre eclesial que, a pesar de ser negada can\u00f3nicamente, se ha mantenido durante muchos a\u00f1os si bien de una manera m\u00e1s impl\u00edcita o menos expl\u00edcita. <\/p>\n\n\n\n<p>Desde luego poco se sabe al respecto sobre las \u00faltimas centurias, todo lo m\u00e1s que pudiera tener que ver con todo esto- \u00bfsexo&#8230; amor?,  <em>ad hoc <\/em>ahora hay que andar con pies de plomo y m\u00e1s afilado que la navaja de Ockham &#8211;  parece estar abducido por una homosexualidad rayante frecuentemente en la  pedofilia, como  en los recientes  tiempos est\u00e1 saliendo a la luz y a <em>les taqu\u00edgrafes<\/em>.<\/p>\n\n\n\n<p>Pero ahora que estoy releyendo el<em> Decamer\u00f3n<\/em> de Giovanni Boccaccio, me ha venido a la mente la novela segunda de la Primer Jornada . En ella , un jud\u00edo, de nombre Abraham ( <em>of course<\/em>),  a quien se pretende convertir a la verdadera fe,  decide ir a Roma para comprobar la realidad de aquella Iglesia Cat\u00f3lica Apost\u00f3lica y Romana , y en contemplando la simon\u00eda sistem\u00e1tica,el desparpajo lujurioso de cardenalato y el enriquecimiento il\u00edcito de muchos de los cl\u00e9rigos, vuelve con la convicci\u00f3n de que ,si a pesar de todo , dicha religi\u00f3n \u00abaumenta y m\u00e1s luciente y clara se vuelve\u00bb debe ser porque en verdad \u00abel Esp\u00edritu Santo es su fundamento y sost\u00e9n\u00bb, por lo decide bautizarse&#8230;\u00bb<em>\u00a1No mires nuestros pecados sino la fe de tu Iglesia!<\/em>\u00ab<\/p>\n\n\n\n<p>Desde luego, los tiempos han cambiado,  y quiz\u00e1s  ahora el rechazo de ese mundo que se esconde tras la cruz sea el de la espada inmobiliaria  que est\u00e1 movilizando tantos bienes donados en su momento o inmatriculados en tropel para hacer un ping\u00fce negocio, mayormente y una vez m\u00e1s bajo la protecci\u00f3n de alg\u00fan que otro Pr\u00edncipe.<\/p>\n\n\n\n<p>Y, conclusivamente, que el obispo em\u00b4\u00e9rito de Solsona haya tenido un par&#8230;de gemelas no puede ser sino motivo de p\u00fablica felicitaci\u00f3n porque por lo menos ha sabido marcharse a tiempo, y no como otros que pretenden servir a dos amos a la vez y no estar locos&#8230;<\/p>\n<!-- AddThis Advanced Settings generic via filter on the_content --><!-- AddThis Share Buttons generic via filter on the_content -->","protected":false},"excerpt":{"rendered":"<p>\u00abEl obispo de Solsona ha tenido dos gemelas\u00bb he le\u00eddo en un peri\u00f3dico. \u00a1Buen tema para ese escritor fino y agudo que es Quim Monz\u00f3 ! As\u00ed que har\u00e9 lo que pueda- Ya, ya s\u00e9 que es Lunes Santo, y con todos mis respetos a les creyentes, me acojo al dicho de \u00bb lo cort\u00e9s &hellip; <a href=\"https:\/\/blogs.deia.eus\/el-paseante\/2022\/04\/11\/el-obispo-emerito-de-solsona\/\" class=\"more-link\">Sigue leyendo <span class=\"screen-reader-text\">EL OBISPO  ( em\u00e9rito de Solsona)<\/span><\/a><!-- AddThis Advanced Settings generic via filter on get_the_excerpt --><!-- AddThis Share Buttons generic via filter on get_the_excerpt --><\/p>\n","protected":false},"author":110,"featured_media":0,"comment_status":"open","ping_status":"open","sticky":false,"template":"","format":"standard","meta":{"footnotes":""},"categories":[1544],"tags":[],"class_list":["post-18908","post","type-post","status-publish","format-standard","hentry","category-sin-categoria"],"_links":{"self":[{"href":"https:\/\/blogs.deia.eus\/el-paseante\/wp-json\/wp\/v2\/posts\/18908","targetHints":{"allow":["GET"]}}],"collection":[{"href":"https:\/\/blogs.deia.eus\/el-paseante\/wp-json\/wp\/v2\/posts"}],"about":[{"href":"https:\/\/blogs.deia.eus\/el-paseante\/wp-json\/wp\/v2\/types\/post"}],"author":[{"embeddable":true,"href":"https:\/\/blogs.deia.eus\/el-paseante\/wp-json\/wp\/v2\/users\/110"}],"replies":[{"embeddable":true,"href":"https:\/\/blogs.deia.eus\/el-paseante\/wp-json\/wp\/v2\/comments?post=18908"}],"version-history":[{"count":20,"href":"https:\/\/blogs.deia.eus\/el-paseante\/wp-json\/wp\/v2\/posts\/18908\/revisions"}],"predecessor-version":[{"id":18937,"href":"https:\/\/blogs.deia.eus\/el-paseante\/wp-json\/wp\/v2\/posts\/18908\/revisions\/18937"}],"wp:attachment":[{"href":"https:\/\/blogs.deia.eus\/el-paseante\/wp-json\/wp\/v2\/media?parent=18908"}],"wp:term":[{"taxonomy":"category","embeddable":true,"href":"https:\/\/blogs.deia.eus\/el-paseante\/wp-json\/wp\/v2\/categories?post=18908"},{"taxonomy":"post_tag","embeddable":true,"href":"https:\/\/blogs.deia.eus\/el-paseante\/wp-json\/wp\/v2\/tags?post=18908"}],"curies":[{"name":"wp","href":"https:\/\/api.w.org\/{rel}","templated":true}]}}