{"id":20466,"date":"2023-02-26T13:27:34","date_gmt":"2023-02-26T12:27:34","guid":{"rendered":"https:\/\/blogs.deia.eus\/el-paseante\/?p=20466"},"modified":"2023-02-26T21:09:16","modified_gmt":"2023-02-26T20:09:16","slug":"lloviendo-piedras-sobre-el-estanque-dorado-de-la-cultura","status":"publish","type":"post","link":"https:\/\/blogs.deia.eus\/el-paseante\/2023\/02\/26\/lloviendo-piedras-sobre-el-estanque-dorado-de-la-cultura\/","title":{"rendered":"LLOVIENDO PIEDRAS (sobre el estanque dorado de la cultura)"},"content":{"rendered":"\n<figure class=\"wp-block-image size-full is-resized\"><img loading=\"lazy\" decoding=\"async\" src=\"https:\/\/blogs.deia.eus\/el-paseante\/files\/2023\/02\/20439668.jpg-c_310_420_x-f_jpg-q_x-xxyxx.jpg\" alt=\"\" class=\"wp-image-20471\" width=\"244\" height=\"330\" srcset=\"https:\/\/blogs.deia.eus\/el-paseante\/files\/2023\/02\/20439668.jpg-c_310_420_x-f_jpg-q_x-xxyxx.jpg 310w, https:\/\/blogs.deia.eus\/el-paseante\/files\/2023\/02\/20439668.jpg-c_310_420_x-f_jpg-q_x-xxyxx-111x150.jpg 111w\" sizes=\"auto, (max-width: 244px) 100vw, 244px\" \/><figcaption class=\"wp-element-caption\"><strong>Ken Loach (1993)<\/strong><\/figcaption><\/figure>\n\n\n\n<p><strong>El argumentario de la<em> meritocracia<\/em> que se articula en la idea de que<em> se triunfa<\/em> en funci\u00f3n del talento independientemente del origen social ,queda en principio desmentido.<\/strong><\/p>\n\n\n\n<p>El siempre l\u00facido Ignacio Echevarr\u00eda  comentaba en su \u00faltima columa de <a href=\"https:\/\/www.elespanol.com\/el-cultural\/opinion\/minima_molestia_ignacio_echevarria\/\">EL CULTURAL<\/a> que, seg\u00fan un art\u00edculo publicado recientemente en <em>The  Guardian<\/em> ,fudamentado en un estudio de la revista <em>Sociology<\/em>, \u00aben Gran Breta\u00f1a,  la proporci\u00f3n de m\u00fasicos, escritores y artistas pertenecientes por origen a la clase trabajadora se ha reducido a la mitad desde la d\u00e9cada de 1970\u00bb.<\/p>\n\n\n\n<p>A\u00f1ad\u00eda a la siempre fr\u00eda estad\u00edstica &#8211; lo cuantitativo al respecto era una disminuci\u00f3n del 16,4% al 7,9%- las dimensiones cualitativas de g\u00e9nero y etnicidad que \u00abagravan las desigualdades en el sector cultural\u00bb. Finalizaba Echevarr\u00eda afirmando que,  en nuestros lares, una investigaci\u00f3n similar probablemente  obtendr\u00eda resultados mucho menos halague\u00f1os.<\/p>\n\n\n\n<p>O sea, que si se ha nacido en  el mundo de la clase trabajadora- que<em> haberla hayla<\/em>  a pesar de que ahora se pretenda difuminarla social y econ\u00f3micamente-  y si a esta circunstancia se a\u00f1ade un perfil \u00e9tnico minoritario y una  condici\u00f3n de g\u00e9nero  no prevalente, las posibilidades de integrarse en el \u00e1mbito cultural   son muy reducidas, por lo que el argumentario de  la<em> meritocracia<\/em> , que se articula en la idea de que<em> se triunfa<\/em> en funci\u00f3n del talento independientemente del origen social ,queda en principio desmentido.<\/p>\n\n\n\n<p>Este art\u00edculo ,que refleja algo que no es estrictamente novedoso- ya dec\u00eda Pierre Bourdieu en <em><a href=\"https:\/\/www.anagrama-ed.es\/libro\/argumentos\/las-reglas-del-arte\/9788433913975\/A_167\"> Las reglas del arte<\/a><\/em> que en el caso del artista cuando no hay venta tiene que haber renta, &#8211; deber\u00eda dar que pensar , y mucho, y desde diferentes puntos de vista. <\/p>\n\n\n\n<p>Por supuesto, y en primer lugar, sobre la funci\u00f3n disuasoria del estudio originario que puede tener una <a href=\"https:\/\/dadoediciones.org\/2022\/10\/10\/el-hilo-de-ariadna-nuevas-aproximaciones-a-la-razon-narrativa\/\">pragm\u00e1tica ralentizadora<\/a> de la movilidad social , independientemente de dar cuenta de un estado de la cuesti\u00f3n: se trata de la conocida profec\u00eda autocumplida que apuntaba el soci\u00f3logo Robert K. Merton: \u00abLa profec\u00eda que se autorrealiza es, al principio, una definici\u00f3n <em>falsa<\/em> de la situaci\u00f3n, que despierta un nuevo comportamiento que hace que la falsa concepci\u00f3n original de la situaci\u00f3n se vuelva<em> verdadera<\/em>\u00bb (<em><a href=\"https:\/\/www.fondodeculturaeconomica.com\/Ficha\/9789681667795\/F\">Teor\u00eda y estructuras sociales<\/a><\/em>).<\/p>\n\n\n\n<p>Tambi\u00e9n sobre el imaginario de quienes se dedican o pretenden dedicarse al mundo de la creaci\u00f3n en cualquiera de su manifestaciones, para que sean concientes de las limitaciones de su<em> capital cultural<\/em> &#8211;  que puede incrementarse a pesar de su capital econ\u00f3mico: aqu\u00ed otra vez Bourdieu- para evitar descubrir mediterr\u00e1neos tiempo ha ya colonizados &#8211; y comercializados.<\/p>\n\n\n\n<p>Y, por fin, sobre la dimensi\u00f3n pol\u00edtica, en sentido estricto, de todo lo anterior, para reordenar y actualizar algunos conceptos manidos y acaso insuficientes sobre los que se basan las estrategias culturales- algo sobre lo que ya reflexion\u00f3 en su momento <a href=\"https:\/\/www.planetadelibros.com\/libro-una-revision-de-la-teoria-de-las-necesidades\/19988\">Agnes Heller<\/a> y sobre lo que  es muy recomendable  la obra <em><a href=\"https:\/\/dadoediciones.org\/2018\/10\/09\/manifiesto-pospolitico-rutas-ideologicas-para-la-izquierda-del-siglo-xxi\/\">Manifiesto pospol\u00edtico<\/a><\/em>&nbsp;, de Jorge Fern\u00e1ndez Gonzalo.<\/p>\n\n\n\n<p>Pero, aun as\u00ed, una nueva piedra est\u00e1 echada en ese estanque dorado, tantas veces agitado, de la creaci\u00f3n cultural. Y llover\u00e1n m\u00e1s piedras&#8230;<\/p>\n\n\n\n<p><strong>(c) by&nbsp;<a href=\"http:\/\/www.vicentehuici.com\/\">Vicente Huici Urmeneta<\/a><\/strong><\/p>\n\n\n\n<p><\/p>\n<!-- AddThis Advanced Settings generic via filter on the_content --><!-- AddThis Share Buttons generic via filter on the_content -->","protected":false},"excerpt":{"rendered":"<p>El argumentario de la meritocracia que se articula en la idea de que se triunfa en funci\u00f3n del talento independientemente del origen social ,queda en principio desmentido. El siempre l\u00facido Ignacio Echevarr\u00eda comentaba en su \u00faltima columa de EL CULTURAL que, seg\u00fan un art\u00edculo publicado recientemente en The Guardian ,fudamentado en un estudio de la &hellip; <a href=\"https:\/\/blogs.deia.eus\/el-paseante\/2023\/02\/26\/lloviendo-piedras-sobre-el-estanque-dorado-de-la-cultura\/\" class=\"more-link\">Sigue leyendo <span class=\"screen-reader-text\">LLOVIENDO PIEDRAS (sobre el estanque dorado de la cultura)<\/span><\/a><!-- AddThis Advanced Settings generic via filter on get_the_excerpt --><!-- AddThis Share Buttons generic via filter on get_the_excerpt --><\/p>\n","protected":false},"author":110,"featured_media":0,"comment_status":"open","ping_status":"open","sticky":false,"template":"","format":"standard","meta":{"footnotes":""},"categories":[1544],"tags":[],"class_list":["post-20466","post","type-post","status-publish","format-standard","hentry","category-sin-categoria"],"_links":{"self":[{"href":"https:\/\/blogs.deia.eus\/el-paseante\/wp-json\/wp\/v2\/posts\/20466","targetHints":{"allow":["GET"]}}],"collection":[{"href":"https:\/\/blogs.deia.eus\/el-paseante\/wp-json\/wp\/v2\/posts"}],"about":[{"href":"https:\/\/blogs.deia.eus\/el-paseante\/wp-json\/wp\/v2\/types\/post"}],"author":[{"embeddable":true,"href":"https:\/\/blogs.deia.eus\/el-paseante\/wp-json\/wp\/v2\/users\/110"}],"replies":[{"embeddable":true,"href":"https:\/\/blogs.deia.eus\/el-paseante\/wp-json\/wp\/v2\/comments?post=20466"}],"version-history":[{"count":9,"href":"https:\/\/blogs.deia.eus\/el-paseante\/wp-json\/wp\/v2\/posts\/20466\/revisions"}],"predecessor-version":[{"id":20480,"href":"https:\/\/blogs.deia.eus\/el-paseante\/wp-json\/wp\/v2\/posts\/20466\/revisions\/20480"}],"wp:attachment":[{"href":"https:\/\/blogs.deia.eus\/el-paseante\/wp-json\/wp\/v2\/media?parent=20466"}],"wp:term":[{"taxonomy":"category","embeddable":true,"href":"https:\/\/blogs.deia.eus\/el-paseante\/wp-json\/wp\/v2\/categories?post=20466"},{"taxonomy":"post_tag","embeddable":true,"href":"https:\/\/blogs.deia.eus\/el-paseante\/wp-json\/wp\/v2\/tags?post=20466"}],"curies":[{"name":"wp","href":"https:\/\/api.w.org\/{rel}","templated":true}]}}