{"id":21912,"date":"2023-12-01T09:03:42","date_gmt":"2023-12-01T08:03:42","guid":{"rendered":"https:\/\/blogs.deia.eus\/el-paseante\/?p=21912"},"modified":"2023-12-01T10:47:42","modified_gmt":"2023-12-01T09:47:42","slug":"cercy-y-annie-ernaux","status":"publish","type":"post","link":"https:\/\/blogs.deia.eus\/el-paseante\/2023\/12\/01\/cercy-y-annie-ernaux\/","title":{"rendered":"CERCY ( y Annie Ernaux)"},"content":{"rendered":"\n<figure class=\"wp-block-image size-full\"><img loading=\"lazy\" decoding=\"async\" width=\"175\" height=\"176\" src=\"https:\/\/blogs.deia.eus\/el-paseante\/files\/2023\/12\/coavn.jpg\" alt=\"\" class=\"wp-image-21916\" srcset=\"https:\/\/blogs.deia.eus\/el-paseante\/files\/2023\/12\/coavn.jpg 175w, https:\/\/blogs.deia.eus\/el-paseante\/files\/2023\/12\/coavn-150x150.jpg 150w\" sizes=\"auto, (max-width: 175px) 100vw, 175px\" \/><\/figure>\n\n\n\n<p>El ciclo CINE y CIUDAD-ZINEMA ETA HIRIA, organizado por el Colegio Oficial de Arquitectos Vasco- Navarro  (COAVN)en su sede de Bilbao y presentado por Eneko Lorente , ha continuado con la proyecci\u00f3n  de <em> J\u00b4 aim\u00e9 vivre l\u00e0  ( Me encant\u00f3 vivir all\u00ed)<\/em>, de R\u00e9gis Sauder.<\/p>\n\n\n\n<p>El film, h\u00e1bil docudrama, se desarrolla en Cergy, un ciudad  de nuevo cu\u00f1o, situada en la periferia de Paris, aportando los testimonios de  sus habitantes, desde quienes llegaron  cuando apenas era una espacio sin urbanizar hasta  los de quienes ya se han socializado en esta joven urbe.<\/p>\n\n\n\n<p>Entre los testimonios, sobresale el de Annie Ernaux, Premio Nobel de Literatura 2022 y vecina de Cercy, que recoge diversos textos de su <em>Diario de afuera<\/em> (1993), <em>La vida exterior<\/em> (2000) y <em>Los a\u00f1os <\/em>( 2008), rememorando su propia experiencia comunitaria bajo ese nuevo g\u00e9nero literario denominado <em>autoficci\u00f3n<\/em>.<\/p>\n\n\n\n<p>Y m\u00e1s all\u00e1 de la excelencia de la pel\u00b4\u00edcula, delicada y emocionante,  quiz\u00e1 por mi inter\u00e9s por todas las modalidades de la <a href=\"https:\/\/www.zendalibros.com\/el-hilo-narrativo-y-la-energia-que-nos-mueve\/\">escritura autodieg\u00e9tica<\/a> (  diarios, dietarios, memorias, autobiograf\u00edas),he  recordado un  sugerente art\u00edculo  del hoy olvidado Roland Barthes , titulado \u00abD\u00e9lib\u00e9ration\u00bb, publicado poco antes de su muerte en la revista Tel Quel ( y que se puede encontrar en <em>Lo obvio y lo obtuso,<\/em> Ed. Paid\u00f3s, Barcelona , 1986), en el que mostraba su incertidumbre ante la pr\u00e1ctica de <em>llevar un diario<\/em>. <\/p>\n\n\n\n<p>As\u00ed, afirmaba que \u00abla justificaci\u00f3n de un diario \u00edntimo ( como obra) solo podr\u00eda ser literaria, en el sentido absoluto, aunque sea nost\u00e1lgico, de la palabra\u00bb. Pero a continuaci\u00f3n se\u00f1alaba una serie de aspectos negativos que pod\u00edan disuadir de la escritura de un diario. En primer lugar , dec\u00eda, el diario \u00edntimo no responde a ning\u00fan objetivo externo, por lo que su escritura resulta una modalidad blanda de catarsis irrelevantemente narcisista. Consecuentemente, el diario \u00abno es necesario\u00bb y, cuando parece que lo es , opera como un simulador de escritura que satisface todo lo m\u00e1s una analidad compulsiva. De todo ello proviene, conclu\u00eda Barthes, la sensaci\u00f3n de que los diarios \u00edntimos sean tan aceptables cuando se escriben y tan decepcionantes cuando se leen.<\/p>\n\n\n\n<p>Sorprendentemente, nada m\u00e1s entregar el aludido art\u00edculo, el mismo Roland Barthes iniciaba la escritura de un diario \u00edntimo que m\u00e1s tarde fue publicado bajo el t\u00edtulo de \u00abNoches de Paris\u00bb ( en <em>Incidentes<\/em>, Ed. Anagrama, Barcelona 1987). Es este un diario sin duda adulto, pero a la vez fresco y casi se dir\u00eda que adolescente , con algunos toques de suave lirismo cotidiano. Pero es sobre todo un diario muy <em> trabajado<\/em> en el que la labor de construcci\u00f3n literaria predomina sin alharacas sobre la necesidad de expresi\u00f3n. <\/p>\n\n\n\n<p>Probablemente Barthes se estaba probando, o , mejor dicho, estaba intentando ver si era capaz de crear un tipo de obra al margen de su deriva ensay\u00edstica, de aquella deriva ensay\u00edstica que siempre hab\u00eda considerado su verdadera obra y que le inclinaba te\u00f3ricamente a no escribir un diario y , sin embargo y por otro lado,le llevaba a iniciarse en lo que  por entonces no ten\u00eda nombre : l<em>a autoficci\u00f3n.<\/em> Esa autoficci\u00f3n hoy ya consagrada en la figura   de Annie Ernaux y que tan eficazmente contribuye a redondear obras como <em>J\u00b4 aim\u00e9 vivre l\u00e0 <\/em>&#8230;<\/p>\n\n\n\n<p><strong>(c) by&nbsp;<a href=\"http:\/\/www.vicentehuici.com\/\">Vicente Huici Urmeneta<\/a><\/strong><\/p>\n<!-- AddThis Advanced Settings generic via filter on the_content --><!-- AddThis Share Buttons generic via filter on the_content -->","protected":false},"excerpt":{"rendered":"<p>El ciclo CINE y CIUDAD-ZINEMA ETA HIRIA, organizado por el Colegio Oficial de Arquitectos Vasco- Navarro (COAVN)en su sede de Bilbao y presentado por Eneko Lorente , ha continuado con la proyecci\u00f3n de J\u00b4 aim\u00e9 vivre l\u00e0 ( Me encant\u00f3 vivir all\u00ed), de R\u00e9gis Sauder. El film, h\u00e1bil docudrama, se desarrolla en Cergy, un ciudad &hellip; <a href=\"https:\/\/blogs.deia.eus\/el-paseante\/2023\/12\/01\/cercy-y-annie-ernaux\/\" class=\"more-link\">Sigue leyendo <span class=\"screen-reader-text\">CERCY ( y Annie Ernaux)<\/span><\/a><!-- AddThis Advanced Settings generic via filter on get_the_excerpt --><!-- AddThis Share Buttons generic via filter on get_the_excerpt --><\/p>\n","protected":false},"author":110,"featured_media":0,"comment_status":"open","ping_status":"open","sticky":false,"template":"","format":"standard","meta":{"footnotes":""},"categories":[1544],"tags":[],"class_list":["post-21912","post","type-post","status-publish","format-standard","hentry","category-sin-categoria"],"_links":{"self":[{"href":"https:\/\/blogs.deia.eus\/el-paseante\/wp-json\/wp\/v2\/posts\/21912","targetHints":{"allow":["GET"]}}],"collection":[{"href":"https:\/\/blogs.deia.eus\/el-paseante\/wp-json\/wp\/v2\/posts"}],"about":[{"href":"https:\/\/blogs.deia.eus\/el-paseante\/wp-json\/wp\/v2\/types\/post"}],"author":[{"embeddable":true,"href":"https:\/\/blogs.deia.eus\/el-paseante\/wp-json\/wp\/v2\/users\/110"}],"replies":[{"embeddable":true,"href":"https:\/\/blogs.deia.eus\/el-paseante\/wp-json\/wp\/v2\/comments?post=21912"}],"version-history":[{"count":8,"href":"https:\/\/blogs.deia.eus\/el-paseante\/wp-json\/wp\/v2\/posts\/21912\/revisions"}],"predecessor-version":[{"id":21921,"href":"https:\/\/blogs.deia.eus\/el-paseante\/wp-json\/wp\/v2\/posts\/21912\/revisions\/21921"}],"wp:attachment":[{"href":"https:\/\/blogs.deia.eus\/el-paseante\/wp-json\/wp\/v2\/media?parent=21912"}],"wp:term":[{"taxonomy":"category","embeddable":true,"href":"https:\/\/blogs.deia.eus\/el-paseante\/wp-json\/wp\/v2\/categories?post=21912"},{"taxonomy":"post_tag","embeddable":true,"href":"https:\/\/blogs.deia.eus\/el-paseante\/wp-json\/wp\/v2\/tags?post=21912"}],"curies":[{"name":"wp","href":"https:\/\/api.w.org\/{rel}","templated":true}]}}