{"id":22899,"date":"2024-07-07T17:06:50","date_gmt":"2024-07-07T15:06:50","guid":{"rendered":"https:\/\/blogs.deia.eus\/el-paseante\/?p=22899"},"modified":"2024-07-08T11:53:35","modified_gmt":"2024-07-08T09:53:35","slug":"ha-estallado-la-fiesta-que-fiesta","status":"publish","type":"post","link":"https:\/\/blogs.deia.eus\/el-paseante\/2024\/07\/07\/ha-estallado-la-fiesta-que-fiesta\/","title":{"rendered":"\u00a1HA ESTALLADO LA FIESTA! ( \u00bfqu\u00e9 fiesta?)"},"content":{"rendered":"\n<figure class=\"wp-block-image size-full is-resized\"><img loading=\"lazy\" decoding=\"async\" width=\"600\" height=\"315\" src=\"https:\/\/blogs.deia.eus\/el-paseante\/files\/2024\/07\/p-rojo-2.png\" alt=\"\" class=\"wp-image-22908\" style=\"width:309px;height:auto\" srcset=\"https:\/\/blogs.deia.eus\/el-paseante\/files\/2024\/07\/p-rojo-2.png 600w, https:\/\/blogs.deia.eus\/el-paseante\/files\/2024\/07\/p-rojo-2-580x305.png 580w, https:\/\/blogs.deia.eus\/el-paseante\/files\/2024\/07\/p-rojo-2-150x79.png 150w\" sizes=\"auto, (max-width: 600px) 100vw, 600px\" \/><\/figure>\n\n\n\n<p><strong>La derecha impuso a lo largo de los a\u00f1os su modelo sanferminero hasta el punto de que hoy, como en tantos otros casos, parece \u00abel de toda la vida\u00bb<\/strong>.<\/p>\n\n\n\n<p>He quedado con Koldo a la sombra de la terraza del Caf\u00e9 Iru\u00f1a para vernos un rato.<\/p>\n\n\n\n<p>A estas horas, primeras de un tarde que ser\u00e1 larga, la ciudad yace muerta tras la convulsi\u00f3n de las v\u00edsperas sanfermineras. El suelo todav\u00eda est\u00e1 pegajoso y de todos los rincones llegan efluvios de orines y vomitonas, a pesar de los esfuerzos de varios equipos de limpieza que, disfrazados de verde, dan vueltas sin fin a la Plaza del Castillo. Pronto se oir\u00e1 el tintineo de los cascabeles de las mulillas yendo hacia el coso taurino.<\/p>\n\n\n\n<p>Koldo \u2013un Koldo de los de siempre que nunca se llam\u00f3 Luis\u2013 es un joven historiador y ha llevado a cabo lo que \u00e9l llama una \u201carqueolog\u00eda de los sanfermines\u201d porque siempre le extra\u00f1\u00f3 que bajo un r\u00e9gimen tan autoritario como el franquista \u2013\u201c\u00a1El R\u00e9gimen\u201d!\u2013 se permitiera tama\u00f1o desmadre colectivo como las Fiestas de San Ferm\u00edn, unas fiestas que convert\u00edan a Pamplona en una ciudad sin ley durante ocho d\u00edas al a\u00f1o. Koldo dice que la clave de todo est\u00e1 en la Cruz Laureada de San Fernando &#8211; popularmente llamada \u00bb la berza\u00bb- que le fue otorgada a Navarra \u201cpor su contribuci\u00f3n al Alzamiento Nacional de 1936\u201d.<\/p>\n\n\n\n<p>Esta Cruz, contin\u00faa Koldo, sirvi\u00f3 a la derecha navarra para hacer de su capa un sayo y, poco a poco, gentes como los Baleztena, los P\u00e9rez Salazar o el mismo Maestro Bravo, fueron dise\u00f1ando toda una parafernalia festiva que inclu\u00eda canciones como el \u201cUno de enero\u201d, el uniforme blanco con el pa\u00f1uelo rojo o la ceremonia del cohete el d\u00eda seis de julio.<\/p>\n\n\n\n<p>La derecha impuso a lo largo de los a\u00f1os su modelo sanferminero hasta el punto de que hoy, como en tantos otros casos y lugares, parece \u00abel de toda la vida\u00bb, y cuando el modelo oficial se torci\u00f3 pol\u00edticamente, y as\u00ed fue en 1978, no dud\u00f3 en sacar de nuevo las armas a la calle, desalojando a tiros la plaza de toros (Vaya aqu\u00ed un recuerdo para Germ\u00e1n Rodr\u00edguez, compa\u00f1ero de clase en los Hermanos Maristas, <a href=\"https:\/\/vimeo.com\/73122792\">asesinado de un balazo en la cabeza <\/a>).<\/p>\n\n\n\n<p>Yo escucho a Koldo atentamente porque veo que se ha ido enfadando mientras me participaba sus hallazgos: nunca resulta f\u00e1cil abandonar los mitos familiares y m\u00e1s aquellos tan arraigados desde la infancia. Pedimos otro pachar\u00e1n con hielo que nos sirve un camarero medio dormido.<\/p>\n\n\n\n<p>El pachar\u00e1n hace su efecto retardado y Koldo se serena. Algunos, muchos creo yo, somos hijos de las dos partes que en su momento helaron los corazones.<\/p>\n\n\n\n<p>Un viento flojo, denso y mal oliente, me aparta de mis pensamientos. Koldo se ha dormido, A mi izquierda se abre una ventana en el Hotel La Perla y asoma por ella un gran barbudo que parece la reencarnaci\u00f3n de Ernest Hemingway. Saluda t\u00edmidamente y yo le devuelvo el saludo&#8230;Desde la calle Chapitela  se va oyendo  subir un pasodoble&#8230;<\/p>\n\n\n\n<p><strong>(c) by&nbsp;<a href=\"http:\/\/www.vicentehuici.com\/\">Vicente Huici Urmeneta<\/a><\/strong><\/p>\n<!-- AddThis Advanced Settings generic via filter on the_content --><!-- AddThis Share Buttons generic via filter on the_content -->","protected":false},"excerpt":{"rendered":"<p>La derecha impuso a lo largo de los a\u00f1os su modelo sanferminero hasta el punto de que hoy, como en tantos otros casos, parece \u00abel de toda la vida\u00bb. He quedado con Koldo a la sombra de la terraza del Caf\u00e9 Iru\u00f1a para vernos un rato. A estas horas, primeras de un tarde que ser\u00e1 &hellip; <a href=\"https:\/\/blogs.deia.eus\/el-paseante\/2024\/07\/07\/ha-estallado-la-fiesta-que-fiesta\/\" class=\"more-link\">Sigue leyendo <span class=\"screen-reader-text\">\u00a1HA ESTALLADO LA FIESTA! ( \u00bfqu\u00e9 fiesta?)<\/span><\/a><!-- AddThis Advanced Settings generic via filter on get_the_excerpt --><!-- AddThis Share Buttons generic via filter on get_the_excerpt --><\/p>\n","protected":false},"author":110,"featured_media":0,"comment_status":"open","ping_status":"open","sticky":false,"template":"","format":"standard","meta":{"footnotes":""},"categories":[1544],"tags":[],"class_list":["post-22899","post","type-post","status-publish","format-standard","hentry","category-sin-categoria"],"_links":{"self":[{"href":"https:\/\/blogs.deia.eus\/el-paseante\/wp-json\/wp\/v2\/posts\/22899","targetHints":{"allow":["GET"]}}],"collection":[{"href":"https:\/\/blogs.deia.eus\/el-paseante\/wp-json\/wp\/v2\/posts"}],"about":[{"href":"https:\/\/blogs.deia.eus\/el-paseante\/wp-json\/wp\/v2\/types\/post"}],"author":[{"embeddable":true,"href":"https:\/\/blogs.deia.eus\/el-paseante\/wp-json\/wp\/v2\/users\/110"}],"replies":[{"embeddable":true,"href":"https:\/\/blogs.deia.eus\/el-paseante\/wp-json\/wp\/v2\/comments?post=22899"}],"version-history":[{"count":11,"href":"https:\/\/blogs.deia.eus\/el-paseante\/wp-json\/wp\/v2\/posts\/22899\/revisions"}],"predecessor-version":[{"id":22915,"href":"https:\/\/blogs.deia.eus\/el-paseante\/wp-json\/wp\/v2\/posts\/22899\/revisions\/22915"}],"wp:attachment":[{"href":"https:\/\/blogs.deia.eus\/el-paseante\/wp-json\/wp\/v2\/media?parent=22899"}],"wp:term":[{"taxonomy":"category","embeddable":true,"href":"https:\/\/blogs.deia.eus\/el-paseante\/wp-json\/wp\/v2\/categories?post=22899"},{"taxonomy":"post_tag","embeddable":true,"href":"https:\/\/blogs.deia.eus\/el-paseante\/wp-json\/wp\/v2\/tags?post=22899"}],"curies":[{"name":"wp","href":"https:\/\/api.w.org\/{rel}","templated":true}]}}