{"id":25723,"date":"2026-04-26T21:29:08","date_gmt":"2026-04-26T19:29:08","guid":{"rendered":"https:\/\/blogs.deia.eus\/el-paseante\/?p=25723"},"modified":"2026-04-26T22:56:33","modified_gmt":"2026-04-26T20:56:33","slug":"ortzi-semblanza-de-paco-letamendia","status":"publish","type":"post","link":"https:\/\/blogs.deia.eus\/el-paseante\/2026\/04\/26\/ortzi-semblanza-de-paco-letamendia\/","title":{"rendered":"ORTZI ( semblanza de Paco Letamend\u00eda)"},"content":{"rendered":"\n<p><img loading=\"lazy\" decoding=\"async\" width=\"1200\" height=\"675\" src=\"https:\/\/estaticosgn-cdn.deia.eus\/clip\/1d2b513e-b10f-447f-aef7-0041c7b24d7e_16-9-discover-aspect-ratio_default_0_x1013y611.jpg\" alt=\"Francisco Letamendia, en un imagen de archivo. \/ Pablo Vi\u00f1as\"><\/p>\n\n\n\n<p><em>Francisco Letamend\u00eda<\/em><\/p>\n\n\n\n<p>Poco a poco y mayormente en silencio se van yendo algunos y algunas que fueron referentes ideol\u00f3gico-pol\u00edticos del \u00faltimo tercio del siglo pasado.<\/p>\n\n\n\n<p>Semanas atr\u00e1s fallec\u00eda Ram\u00f3n Zallo y el domingo nos ha tra\u00eddo la noticia de la muerte de \u00a0Francisco Letamend\u00eda, conocido en el \u00e1mbito pol\u00edtico como\u00a0<em>Ortzi<\/em>, y Paco para los m\u00e1s pr\u00f3ximos.<\/p>\n\n\n\n<p>Aunque era ya muy conocido por su actividad como abogado defensor en el proceso de Burgos y por su obra  <em>Historia de Euskadi: el nacionalismo vasco y ETA<\/em><strong>  <\/strong>,  yo lo trat\u00e9 personalmente a partir  de 1976, como ensayista de EL C\u00c1RABO- Revista de Ciencias Sociales  que , bajo la direcci\u00f3n de Joaqu\u00edn Estefan\u00eda Moreira, agrupaba a quienes se situaban a la izquierda de la socialdemocracia del momento que a su vez publicaban SISTEMA bajo la \u00e9gida de Ludolfo Paramio.<\/p>\n\n\n\n<p>Eran aquellos tiempos de optimismo transitorio y no mucho despu\u00e9s la mayor parte de  quienes se pensaban revolucionarios se dieron cuenta de que solo eran antifascistas, como bien se\u00f1al\u00f3 Manuel V\u00e1zquez Montalb\u00e1n.<\/p>\n\n\n\n<p>Aun as\u00ed, Paco Letamend\u00eda defendi\u00f3 con coraje y excelente ret\u00f3rica la opci\u00f3n rupturista como diputado en el Congreso formando parte primero de las filas de Euskadiko Ezkerra y despu\u00e9s de Herri Batasuna.<\/p>\n\n\n\n<p>Retomamos la relaci\u00f3n ya en los a\u00f1os ochenta, cuando la UNED de Bergara le acogi\u00f3 &#8211; como a otros muchos, por cierto- como profesor, en plena redacci\u00f3n de su t\u00e9sis doctoral. Recuerdo al efecto un viaje a Paris y el interesante encuentro que mantuvimos con Pierre Villar &#8211; todav\u00eda conservo el ejemplar dedicado de  su <em>Histoire de l\u00b4 Espagne<\/em> que me obsequi\u00f3- y las advertencias que nos hizo sobre las limitaciones de una democracia burguesa formal que se derivar\u00edan de una Constituci\u00f3n como la de 1978.<\/p>\n\n\n\n<p>Finalizado su doctorado, Ortzi entr\u00f3 a formar parte de la UPV-EHU, no sin pol\u00e9mica, y continu\u00f3 sus investigaciones, fruto de las cuales fue <em>Juego de espejos: conflictos nacionales centro-periferia<\/em><strong>,<\/strong> publicado 1997.<\/p>\n\n\n\n<p>Siempre interesado por la historia pol\u00edtica del Pa\u00eds Vasco  y los movimientos nacionalista, fue tambi\u00e9n un docente muy querido , alquien en fin de quien se puede decir, en frase de Baltasar Graci\u00e1n, \u00bb vivo amable, muerto memorable\u00bb&#8230;<\/p>\n\n\n\n<p>(c) by&nbsp;<a href=\"http:\/\/https\/www.vicentehuici.com\">Vicente Huici Urmeneta<\/a><\/p>\n\n\n\n<p><\/p>\n<!-- AddThis Advanced Settings generic via filter on the_content --><!-- AddThis Share Buttons generic via filter on the_content -->","protected":false},"excerpt":{"rendered":"<p>Francisco Letamend\u00eda Poco a poco y mayormente en silencio se van yendo algunos y algunas que fueron referentes ideol\u00f3gico-pol\u00edticos del \u00faltimo tercio del siglo pasado. Semanas atr\u00e1s fallec\u00eda Ram\u00f3n Zallo y el domingo nos ha tra\u00eddo la noticia de la muerte de \u00a0Francisco Letamend\u00eda, conocido en el \u00e1mbito pol\u00edtico como\u00a0Ortzi, y Paco para los m\u00e1s &hellip; <a href=\"https:\/\/blogs.deia.eus\/el-paseante\/2026\/04\/26\/ortzi-semblanza-de-paco-letamendia\/\" class=\"more-link\">Sigue leyendo <span class=\"screen-reader-text\">ORTZI ( semblanza de Paco Letamend\u00eda)<\/span><\/a><!-- AddThis Advanced Settings generic via filter on get_the_excerpt --><!-- AddThis Share Buttons generic via filter on get_the_excerpt --><\/p>\n","protected":false},"author":110,"featured_media":0,"comment_status":"open","ping_status":"open","sticky":false,"template":"","format":"standard","meta":{"footnotes":""},"categories":[1544],"tags":[],"class_list":["post-25723","post","type-post","status-publish","format-standard","hentry","category-sin-categoria"],"_links":{"self":[{"href":"https:\/\/blogs.deia.eus\/el-paseante\/wp-json\/wp\/v2\/posts\/25723","targetHints":{"allow":["GET"]}}],"collection":[{"href":"https:\/\/blogs.deia.eus\/el-paseante\/wp-json\/wp\/v2\/posts"}],"about":[{"href":"https:\/\/blogs.deia.eus\/el-paseante\/wp-json\/wp\/v2\/types\/post"}],"author":[{"embeddable":true,"href":"https:\/\/blogs.deia.eus\/el-paseante\/wp-json\/wp\/v2\/users\/110"}],"replies":[{"embeddable":true,"href":"https:\/\/blogs.deia.eus\/el-paseante\/wp-json\/wp\/v2\/comments?post=25723"}],"version-history":[{"count":8,"href":"https:\/\/blogs.deia.eus\/el-paseante\/wp-json\/wp\/v2\/posts\/25723\/revisions"}],"predecessor-version":[{"id":25733,"href":"https:\/\/blogs.deia.eus\/el-paseante\/wp-json\/wp\/v2\/posts\/25723\/revisions\/25733"}],"wp:attachment":[{"href":"https:\/\/blogs.deia.eus\/el-paseante\/wp-json\/wp\/v2\/media?parent=25723"}],"wp:term":[{"taxonomy":"category","embeddable":true,"href":"https:\/\/blogs.deia.eus\/el-paseante\/wp-json\/wp\/v2\/categories?post=25723"},{"taxonomy":"post_tag","embeddable":true,"href":"https:\/\/blogs.deia.eus\/el-paseante\/wp-json\/wp\/v2\/tags?post=25723"}],"curies":[{"name":"wp","href":"https:\/\/api.w.org\/{rel}","templated":true}]}}