{"id":25734,"date":"2026-04-28T18:26:56","date_gmt":"2026-04-28T16:26:56","guid":{"rendered":"https:\/\/blogs.deia.eus\/el-paseante\/?p=25734"},"modified":"2026-04-28T18:26:56","modified_gmt":"2026-04-28T16:26:56","slug":"turistas-y-viajers","status":"publish","type":"post","link":"https:\/\/blogs.deia.eus\/el-paseante\/2026\/04\/28\/turistas-y-viajers\/","title":{"rendered":"TURISTAS (  y viajer@s )"},"content":{"rendered":"\n<figure class=\"wp-block-image size-full is-resized\"><img loading=\"lazy\" decoding=\"async\" width=\"450\" height=\"359\" src=\"http:\/\/blogs.deia.eus\/el-paseante\/files\/2026\/04\/58527027-luxury-cruise-ship-liner-sailing-in-ocean.jpg\" alt=\"\" class=\"wp-image-25742\" style=\"aspect-ratio:0.7070878068338754;width:177px;height:auto\" srcset=\"https:\/\/blogs.deia.eus\/el-paseante\/files\/2026\/04\/58527027-luxury-cruise-ship-liner-sailing-in-ocean.jpg 450w, https:\/\/blogs.deia.eus\/el-paseante\/files\/2026\/04\/58527027-luxury-cruise-ship-liner-sailing-in-ocean-150x120.jpg 150w\" sizes=\"auto, (max-width: 450px) 100vw, 450px\" \/><\/figure>\n\n\n\n<p>Ya es de dominio p\u00fablico que el turismo se ha convertido en el <em>man\u00e1<\/em> nutriente de las ciudades y pueblos sobrevivientes en el desierto de las sucesivas reconversiones industriales. Curiosamente se presenta ahora como un arma nueva y cargada de futuro, pero resulta m\u00e1s vieja que Carracuca a poco que vean un par de pel\u00edculas del landismo de los a\u00f1os sesenta ( del siglo pasado, <em>of course<\/em>) cuando un tal Manuel Fraga era Ministro de Informaci\u00f3n y , oh sorpresa, de Turismo.<\/p>\n\n\n\n<p>Y del futuro del turismo, ya se ver\u00e1. Pues como dijo en su momento el historiador Manuel Tu\u00f1\u00f3n de Lara hay burgues\u00edas , y entre ellas las vern\u00e1culas, con escasa visi\u00f3n estrat\u00e9gica, amigas inconscientes  del pan para hoy y hambre para ma\u00f1ana.<\/p>\n\n\n\n<p>Otro s\u00ed que que si las tornas cambian, y tal como vamos pueden cambiar, el futuro puede resultar asaz problem\u00e1tico. L\u00e9ase al respecto, <em>please<\/em>, el estudio de un caso desarrollado por Javier Gonz\u00e1lez de Durana, titulado <em><a href=\"https:\/\/arquilectura.com\/2026\/04\/27\/bilbao-despues-del-colapso-turistico\/\">Bilbao despu\u00e9s del colapso\u00a0tur\u00edstico<\/a><\/em> .<\/p>\n\n\n\n<p>Y acaso frente a la din\u00e1mica esquizoide del turista, que quiere estar en todas partes casi a la vez, dando vueltas &#8211; <em>tours<\/em>&#8211;  sin  descanso, viendo mil cosas de las que luego fotos y videos digitales  dar\u00e1n puntual testimonio ante terceros  hasta su mismo hast\u00edo , habr\u00eda que reivindicar la dulce est\u00e1tica del viajero sosegado que visita los lugares de uno en uno sin acelerarse, dejando que la duraci\u00f3n le aleje del tiempo del reloj.<\/p>\n\n\n\n<p>Ese viajero,  asesorado por buenos libros \u2013 no necesariamente gu\u00edas-&nbsp; y por los consejos de&nbsp; amistades fiables,  que escoge bien los lugares de destino y, dentro de ellos, los que va a visitar: tal una plaza o una calle, acaso una iglesia o un palacio; quiz\u00e1 tambi\u00e9n una taberna o un buen restaurante;   que permanece luego en los lugares elegidos todo el tiempo necesario para impregnarse de ellos y observar paisajes y paisanajes con detenimiento; que come y bebe con los lugare\u00f1os que no han sucumbido a las sugerencias algor\u00edtmicas de las redes sociales; que  hojea los peri\u00f3dicos locales, escucha sus radios, y hasta ve- un poco- su televisi\u00f3n&#8230;<\/p>\n\n\n\n<p>Ese viajero, esa viajera, que no desaparecer\u00e1 cuando su destino est\u00e9  pasado de moda porque no haya nada nuevo que ver &#8230;O porque las grandes empresas tur\u00edsticas hayan descubierto nuevos para\u00edsos terrenales&#8230;<\/p>\n\n\n\n<p>(c) by\u00a0<a href=\"http:\/\/https\/www.vicentehuici.com\">Vicente Huici Urmeneta<\/a><\/p>\n\n\n\n<p><\/p>\n<!-- AddThis Advanced Settings generic via filter on the_content --><!-- AddThis Share Buttons generic via filter on the_content -->","protected":false},"excerpt":{"rendered":"<p>Ya es de dominio p\u00fablico que el turismo se ha convertido en el man\u00e1 nutriente de las ciudades y pueblos sobrevivientes en el desierto de las sucesivas reconversiones industriales. Curiosamente se presenta ahora como un arma nueva y cargada de futuro, pero resulta m\u00e1s vieja que Carracuca a poco que vean un par de pel\u00edculas &hellip; <a href=\"https:\/\/blogs.deia.eus\/el-paseante\/2026\/04\/28\/turistas-y-viajers\/\" class=\"more-link\">Sigue leyendo <span class=\"screen-reader-text\">TURISTAS (  y viajer@s )<\/span><\/a><!-- AddThis Advanced Settings generic via filter on get_the_excerpt --><!-- AddThis Share Buttons generic via filter on get_the_excerpt --><\/p>\n","protected":false},"author":110,"featured_media":0,"comment_status":"open","ping_status":"open","sticky":false,"template":"","format":"standard","meta":{"footnotes":""},"categories":[1544],"tags":[],"class_list":["post-25734","post","type-post","status-publish","format-standard","hentry","category-sin-categoria"],"_links":{"self":[{"href":"https:\/\/blogs.deia.eus\/el-paseante\/wp-json\/wp\/v2\/posts\/25734","targetHints":{"allow":["GET"]}}],"collection":[{"href":"https:\/\/blogs.deia.eus\/el-paseante\/wp-json\/wp\/v2\/posts"}],"about":[{"href":"https:\/\/blogs.deia.eus\/el-paseante\/wp-json\/wp\/v2\/types\/post"}],"author":[{"embeddable":true,"href":"https:\/\/blogs.deia.eus\/el-paseante\/wp-json\/wp\/v2\/users\/110"}],"replies":[{"embeddable":true,"href":"https:\/\/blogs.deia.eus\/el-paseante\/wp-json\/wp\/v2\/comments?post=25734"}],"version-history":[{"count":6,"href":"https:\/\/blogs.deia.eus\/el-paseante\/wp-json\/wp\/v2\/posts\/25734\/revisions"}],"predecessor-version":[{"id":25743,"href":"https:\/\/blogs.deia.eus\/el-paseante\/wp-json\/wp\/v2\/posts\/25734\/revisions\/25743"}],"wp:attachment":[{"href":"https:\/\/blogs.deia.eus\/el-paseante\/wp-json\/wp\/v2\/media?parent=25734"}],"wp:term":[{"taxonomy":"category","embeddable":true,"href":"https:\/\/blogs.deia.eus\/el-paseante\/wp-json\/wp\/v2\/categories?post=25734"},{"taxonomy":"post_tag","embeddable":true,"href":"https:\/\/blogs.deia.eus\/el-paseante\/wp-json\/wp\/v2\/tags?post=25734"}],"curies":[{"name":"wp","href":"https:\/\/api.w.org\/{rel}","templated":true}]}}