{"id":26182,"date":"2026-08-31T13:31:30","date_gmt":"2026-08-31T11:31:30","guid":{"rendered":"https:\/\/blogs.deia.eus\/el-paseante\/?p=26182"},"modified":"2026-08-31T13:31:31","modified_gmt":"2026-08-31T11:31:31","slug":"udakeriak-7-del-verano-sportif","status":"publish","type":"post","link":"https:\/\/blogs.deia.eus\/el-paseante\/2026\/08\/31\/udakeriak-7-del-verano-sportif\/","title":{"rendered":"UDAKERIAK -7 ( del verano sportif)"},"content":{"rendered":"\n<figure class=\"wp-block-image size-full is-resized\"><img loading=\"lazy\" decoding=\"async\" width=\"270\" height=\"180\" src=\"https:\/\/blogs.deia.eus\/el-paseante\/files\/2026\/08\/Imagen-deporte-en-el-trabajo.jpg\" alt=\"\" class=\"wp-image-26195\" style=\"width:387px;height:auto\" srcset=\"https:\/\/blogs.deia.eus\/el-paseante\/files\/2026\/08\/Imagen-deporte-en-el-trabajo.jpg 270w, https:\/\/blogs.deia.eus\/el-paseante\/files\/2026\/08\/Imagen-deporte-en-el-trabajo-150x100.jpg 150w\" sizes=\"auto, (max-width: 270px) 100vw, 270px\" \/><\/figure>\n\n\n\n<p class=\"wp-block-paragraph\"><\/p>\n\n\n\n<p class=\"wp-block-paragraph\">\u00abEl deporte, esa nueva forma de trabajo\u00bb (<em><a href=\"https:\/\/archive.org\/details\/junger-ernest.-el-trabajador.-dominio-y-figura-1990_202109\/page\/n1\/mode\/2up\">El Trabajador<\/a><\/em>,Ernst J\u00fcnger)<\/p>\n\n\n\n<p class=\"wp-block-paragraph\">-.-<\/p>\n\n\n\n<p class=\"wp-block-paragraph\">\u00ab<a href=\"https:\/\/www.lavanguardia.com\/magazine\/lifestyle\/20260828\/11620509\/acabo-tinder-liga-haciendo-deporte.html\">Se acab\u00f3 Tinder: ahora se liga haciendo deporte\u00bb<\/a>(La Vanguardia, 28\/08)<\/p>\n\n\n\n<p class=\"wp-block-paragraph\">-.-<\/p>\n\n\n\n<p class=\"wp-block-paragraph\">Comienza la Liga de f\u00fatbol y otro s\u00ed el denominado \u00abCurso pol\u00edtico\u00bb<\/p>\n\n\n\n<p class=\"wp-block-paragraph\">-.-<\/p>\n\n\n\n<p class=\"wp-block-paragraph\">\u00abY como  vaticinara Evaristo, &lt; gol en el campo, paz en la tierra&gt;\u00bb&#8230;( <a href=\"https:\/\/www.naiz.eus\/eu\/blogs\/fede-de-los-rios\/posts\/ya-tarda-el-meteorito\">Federico de los R\u00edos<\/a>)<\/p>\n\n\n\n<p class=\"wp-block-paragraph\">-.-<\/p>\n\n\n\n<p class=\"wp-block-paragraph\">El verano se va, pero ya no har\u00e1 falta nadar, andar, correr, saltar ni siquiera acudir al gimnasio, porque los primeros ensayos con  una p\u00edldora que simula los efectos del ejercicio est\u00e1n resultando \u00f3ptimos: <a href=\"https:\/\/www.lavanguardia.com\/ciencia\/20260831\/11621191\/primer-ensayo-clinico-pildora-simula-efectos-ejercicio.html\">\u00abEl ejercicio tiene efectos bioqu\u00edmicos como un f\u00e1rmaco; ahora un f\u00e1rmaco simula por primera vez los efectos del ejercicio\u00bb<\/a> (La Vanguardia, 31\/08)<\/p>\n\n\n\n<p class=\"wp-block-paragraph\">-.-<\/p>\n\n\n\n<p class=\"wp-block-paragraph\">Pero si lo anterior se generaliza, adem\u00e1s de abrir un nuevo nicho mercantil, har\u00eda saltar por los aires el deporte como religi\u00f3n civil, con sus dogmas, sus ritos y , lo m\u00e1s inportante, su <em>ecclesia<\/em> efervescente y cat\u00e1rtica( \u00c9mile Durkheim ,<a href=\"https:\/\/www.academia.edu\/8411897\/Durkheim_emile_las_formas_elementales_de_la_vida_religiosa\"><em>Las formas elementales de la vida religiosa<\/em> <\/a>)<\/p>\n\n\n\n<p class=\"wp-block-paragraph\">-.-<\/p>\n\n\n\n<p class=\"wp-block-paragraph\">Bueno, siempre se podr\u00eda tomar la <em>p\u00edldora del ejercicio<\/em> en reuniones <em>ad hoc&#8230;<\/em><\/p>\n\n\n\n<p class=\"wp-block-paragraph\">-.-<\/p>\n\n\n\n<p class=\"wp-block-paragraph\">7 veces 7. Concluyen aqu\u00ed estos apuntes veraniegos pues que la can\u00edcula no me ha dado para m\u00e1s. He ejercido, como he podido, de veraneante consorte y he procurado dar una nota de humor en estos tiempos turbios, mientras repasaba con fervor , cap\u00edtulo a cap\u00edtulo,el<a href=\"https:\/\/www.cervantesvirtual.com\/obra-visor\/juan-de-mairena-sentencias-donaires-apuntes-y-recuerdos-de-un-profesor-apocrifo-984410\/html\/31f37e64-e310-4df6-86f8-599db3e883c0_2.html\"> <em>Juan de Mairena<\/em><\/a><em> <\/em>de Antonio Machado, obra que recomiendo vivamente para entrar en el oto\u00f1o.<\/p>\n\n\n\n<p class=\"wp-block-paragraph\">7 aldiz 7. Hemen amaitzen dira udako ohar hauek, zeren kanikulak ez baitit gehiagorako eman. Ahal izan dudan bezala, udatiar ezkontide gisa aritu naiz, eta umore ohar bat ematen saiatu naiz garai ilun hauetan, kapituluz kapitulu Antonio Machadoren <em><a href=\"https:\/\/www.cervantesvirtual.com\/obra-visor\/juan-de-mairena-sentencias-donaires-apuntes-y-recuerdos-de-un-profesor-apocrifo-984410\/html\/31f37e64-e310-4df6-86f8-599db3e883c0_2.html\">Juan de Mairena<\/a><\/em> suharki errepasatzen nuen bitartean, udazkenean sartzeko biziki gomendatzen dudan lana.<\/p>\n\n\n\n<p class=\"wp-block-paragraph\">(c) by\u00a0<a href=\"https:\/\/www.vicentehuici.com\/\">Vicente Huici Urmeneta<\/a><\/p>\n<!-- AddThis Advanced Settings generic via filter on the_content --><!-- AddThis Share Buttons generic via filter on the_content -->","protected":false},"excerpt":{"rendered":"<p>\u00abEl deporte, esa nueva forma de trabajo\u00bb (El Trabajador,Ernst J\u00fcnger) -.- \u00abSe acab\u00f3 Tinder: ahora se liga haciendo deporte\u00bb(La Vanguardia, 28\/08) -.- Comienza la Liga de f\u00fatbol y otro s\u00ed el denominado \u00abCurso pol\u00edtico\u00bb -.- \u00abY como vaticinara Evaristo, &lt; gol en el campo, paz en la tierra&gt;\u00bb&#8230;( Federico de los R\u00edos) -.- El verano &hellip; <a href=\"https:\/\/blogs.deia.eus\/el-paseante\/2026\/08\/31\/udakeriak-7-del-verano-sportif\/\" class=\"more-link\">Sigue leyendo <span class=\"screen-reader-text\">UDAKERIAK -7 ( del verano sportif)<\/span><\/a><!-- AddThis Advanced Settings generic via filter on get_the_excerpt --><!-- AddThis Share Buttons generic via filter on get_the_excerpt --><\/p>\n","protected":false},"author":110,"featured_media":0,"comment_status":"open","ping_status":"open","sticky":false,"template":"","format":"standard","meta":{"footnotes":""},"categories":[1544],"tags":[],"class_list":["post-26182","post","type-post","status-publish","format-standard","hentry","category-sin-categoria"],"_links":{"self":[{"href":"https:\/\/blogs.deia.eus\/el-paseante\/wp-json\/wp\/v2\/posts\/26182","targetHints":{"allow":["GET"]}}],"collection":[{"href":"https:\/\/blogs.deia.eus\/el-paseante\/wp-json\/wp\/v2\/posts"}],"about":[{"href":"https:\/\/blogs.deia.eus\/el-paseante\/wp-json\/wp\/v2\/types\/post"}],"author":[{"embeddable":true,"href":"https:\/\/blogs.deia.eus\/el-paseante\/wp-json\/wp\/v2\/users\/110"}],"replies":[{"embeddable":true,"href":"https:\/\/blogs.deia.eus\/el-paseante\/wp-json\/wp\/v2\/comments?post=26182"}],"version-history":[{"count":14,"href":"https:\/\/blogs.deia.eus\/el-paseante\/wp-json\/wp\/v2\/posts\/26182\/revisions"}],"predecessor-version":[{"id":26198,"href":"https:\/\/blogs.deia.eus\/el-paseante\/wp-json\/wp\/v2\/posts\/26182\/revisions\/26198"}],"wp:attachment":[{"href":"https:\/\/blogs.deia.eus\/el-paseante\/wp-json\/wp\/v2\/media?parent=26182"}],"wp:term":[{"taxonomy":"category","embeddable":true,"href":"https:\/\/blogs.deia.eus\/el-paseante\/wp-json\/wp\/v2\/categories?post=26182"},{"taxonomy":"post_tag","embeddable":true,"href":"https:\/\/blogs.deia.eus\/el-paseante\/wp-json\/wp\/v2\/tags?post=26182"}],"curies":[{"name":"wp","href":"https:\/\/api.w.org\/{rel}","templated":true}]}}