{"id":1197,"date":"2018-01-08T13:26:44","date_gmt":"2018-01-08T12:26:44","guid":{"rendered":"http:\/\/blogs.deia.com\/historiasdelosvascos\/?p=1197"},"modified":"2018-01-08T13:26:44","modified_gmt":"2018-01-08T12:26:44","slug":"el-periodista-jeltzale-del-exilio","status":"publish","type":"post","link":"https:\/\/blogs.deia.eus\/historiasvascas\/2018\/01\/08\/el-periodista-jeltzale-del-exilio\/","title":{"rendered":"El periodista jeltzale del exilio"},"content":{"rendered":"<p>Se cumplen 110 a\u00f1os del nacimiento en Galdakao y 55 a\u00f1os del fallecimiento en Venezuela de Genaro Egileor Arostegi, un hombre que form\u00f3 parte del gabinete de comunicaci\u00f3n del lehendakari Jos\u00e9 Antonio Aguirre<\/p>\n<p>Un reportaje de Iban Gorriti<\/p>\n<p><img decoding=\"async\" src=\"http:\/\/static.deia.com\/images\/2018\/01\/07\/1963-02-26-la-republica_20667.jpg\" alt=\"Recorte de prensa sobre el funeral de Egileor. Foto: DEIA\" \/><br \/>\nRecorte de prensa sobre el funeral de Egileor. Foto: DEIA<\/p>\n<p>la guerra del 36 en Euskadi tuvo insignes periodistas que trataron de sacar a la luz las sombras de la llegada de los sublevados contra la Segunda Rep\u00fablica que desembocar\u00eda en franquistas y sus aliados internacionales. Como la importante labor llevada a cabo por Esteban Urkiaga <i>Lauaxeta<\/i> o Cecilia G. de Guilarte, as\u00ed como la de muchos otros escritores de la \u00e9poca, merece la atenci\u00f3n el trabajo de ciencias de la informaci\u00f3n y el periplo vital de Genaro Egileor (Galdakao, 1908).<\/p>\n<p>Diversas investigaciones le sit\u00faan como una figura a poner en valor tambi\u00e9n en la actualidad, 110 a\u00f1os despu\u00e9s de su nacimiento en Galdakao y 55 despu\u00e9s de su fallecimiento en San Juan de los Morros, Venezuela a los precisamente 55 a\u00f1os. Todo ello despu\u00e9s de 24 a\u00f1os de exilio, pr\u00e1cticamente la mitad de su vida. Y ah\u00ed est\u00e1 su posible mejor denominaci\u00f3n: periodista jeltzale del exilio.<\/p>\n<p>As\u00ed, el investigador de Kortezubi Gregorio Arrien le define en uno de sus impagables trabajos como notable. \u201cGenaro Egileor, por su parte, era un notable escritor y periodista, que tras la Guerra Civil se exili\u00f3 primero en Francia y despu\u00e9s en Venezuela, donde muri\u00f3 en 1963. \u00c9l, junto a Monika Lekunberri, fueron los principales promotores de la conocida asociaci\u00f3n cultural Euzkerearen Adiskideak y promotores tambi\u00e9n de la ikastola del municipio\u201d, tal y como relata Arrien.<\/p>\n<p>Hecha esa introductoria radiograf\u00eda del galdakoztarra, gracias a Merche Acillona se conoce mejor la trayectoria vital de Genaro Egileor Arostegi. En un trabajo de la profesora de Filolog\u00eda Hisp\u00e1nica de la Universidad de Deusto nos ilustramos con que naci\u00f3 en el seno de una familia euskaldun y originaria de la localidad vizcaina, que est\u00e1 pr\u00f3xima a Bilbao. Hijo de Domingo y Martina, tuvo un total de siete hermanos. \u201cDomingo fue un gudari destacado por su actitud heroica y tenaz al que fusilar\u00eda el ej\u00e9rcito franquista al negarse a abjurar de sus principios abertzales. El Ayuntamiento de Galdakao le ha recordado y reconocido como vecino predilecto poniendo su nombre a una destacada calle del pueblo, la calle Txomin Egileor\u201d, destaca Acillona.<\/p>\n<p>La guerra internacional del 36 en el Estado espa\u00f1ol, tras el golpe militar de los sublevados, coge a Egileor en Donostia en unos cursos sobre lenguas minoritarias. Desde all\u00ed escribir\u00eda sus primeras cr\u00f3nicas, siempre bajo el sobrenombre de <i>Atxerre<\/i>. \u201cAs\u00ed ser\u00e1 conocido entre sus compa\u00f1eros de partido entre los que se encuentra el propio lehendakari Aguirre\u201d, subraya Acillona.<\/p>\n<p><b><span class=\"MayusculasNegrita\">Labor en prensa<\/span><\/b><\/p>\n<p>Para entonces, ya de joven se comprometi\u00f3 con el PNV y con el sindicato ELA. Hab\u00eda escrito en <i>La Tarde<\/i>. Defensor de las rep\u00fablicas, hasta la ca\u00edda de Bilbao, particip\u00f3 en la elaboraci\u00f3n del diario <i>Lan Deya<\/i>, \u00f3rgano de prensa de ELA, que celebr\u00f3 su primer ejemplar el 30 de diciembre de 1933, durante la Segunda Rep\u00fablica. En febrero de 1937, transcurrido apenas medio a\u00f1o de guerra, Egileor pas\u00f3 a ocupar la direcci\u00f3n del citado rotativo.<\/p>\n<p>Aguirre acabar\u00e1 agradeciendo su fidelidad llamando a trabajar a Egileor en su gabinete de prensa con trabajos en prensa y radio. En la salida del Gobierno vasco a Catalunya, <i>Atxerre<\/i> viaja junto al presidente vasco. De hecho, reside en Barcelona hasta enero de 1939. La Delegaci\u00f3n vasca con la entrada de los franquistas debi\u00f3 partir hacia Francia.<\/p>\n<p>Entre 1936 y 1940 se editaba en Francia el bolet\u00edn de informaci\u00f3n <i>Euzko Deya<\/i>. Escrito en franc\u00e9s, se publicaba en Par\u00eds. El mismo bolet\u00edn se imprimi\u00f3 en Londres en 1938, en Buenos Aires en mayo de 1939 y en M\u00e9xico ya sobre el a\u00f1o 1943. Egileor colabor\u00f3 en <i>Euzko Enda<\/i> junto a Barandiaran, en la columna titulada \u2018Los vascos en Am\u00e9rica\u2019, \u201csiendo muy cr\u00edtico con la colonizaci\u00f3n espa\u00f1ola\u201d, seg\u00fan valora Acillona.<\/p>\n<p>El 30 de diciembre de 1939 colaboraba en <i>Euzko Dey<\/i>a de Buenos Aires. El 5 de octubre de 1942 Agirre visit\u00f3 por primera vez el Centro Vasco de Caracas y Egileor vivi\u00f3 as\u00ed un primer encuentro con el lehendakari. Este centro fue un hervidero social, pol\u00edtico y cultural, donde se cre\u00f3 la primera emisora de Radio Euzkadi. All\u00ed retom\u00f3 sus anteriores trabajos en la radiocomunicaci\u00f3n. \u201cEn un ambiente crispado y tras reiteradas alusiones personales a su cargo en la revista <i>Euzkadi<\/i> y a sus intervenciones radiof\u00f3nicas, ces\u00f3 en la direcci\u00f3n, siendo sustituido por Martin de Ugalde\u201d, mantiene la docente.<\/p>\n<p><b><span class=\"MayusculasNegrita\">Retorno a Euskadi<\/span><\/b><\/p>\n<p>Con todo, en el verano de 1942, hab\u00eda salido <i>Euzkadi<\/i>, el \u00f3rgano divulgativo del Centro Vasco de Caracas y fue dirigido por Juan Iturbe (1942), Jos\u00e9 Mar\u00eda Barrenechea (1942), Blas Garate (1943-1945), Eusebio Barriola (1945-1946), Jos\u00e9 Estorn\u00e9s Lasa (1946), Jos\u00e9 Mar\u00eda Bengoa (1947-1948), Genaro Egileor (1949) y Mart\u00edn de Ugalde (1949- 1950). A partir de entonces, decidi\u00f3 dedicarse a la familia y los negocios c\u00e1rnicos y ganaderos que pose\u00eda en Venezuela. Contrajo matrimonio en 1957 con Concha de Partearroyo, de familia bilba\u00edna. Tuvieron una hija: Bego\u00f1a Chiquinquir\u00e1.<\/p>\n<p>Trat\u00f3 de retornar a Euskadi y rechaz\u00f3 al mismo tiempo la participaci\u00f3n activa en pol\u00edtica. Con viajes a Canarias y Bilbao, prepar\u00f3 una vivienda en la capital vizcaina para residir de forma definitiva. Sin embargo, no pudo ser. Un primer infarto en Venezuela le dej\u00f3 tocado de salud y un segundo le despidi\u00f3 de los suyos y de Euskadi. Falleci\u00f3 en San Juan de los Morros en febrero de 1963. Ten\u00eda solo 55 a\u00f1os y hab\u00eda vivido la mitad en el exilio.<\/p>\n<p>Su funeral se celebr\u00f3 al otro lado del Atl\u00e1ntico en una tierra, la venezolana, que adem\u00e1s de recibirle con los brazos abiertos en su exilio, le despidi\u00f3 con aprecio, como dan fe las cr\u00f3nicas de la \u00e9poca, a un amante de Euskadi y a un buen comunicador.<\/p>\n<!-- AddThis Advanced Settings generic via filter on the_content --><!-- AddThis Share Buttons generic via filter on the_content -->","protected":false},"excerpt":{"rendered":"<p>Se cumplen 110 a\u00f1os del nacimiento en Galdakao y 55 a\u00f1os del fallecimiento en Venezuela de Genaro Egileor Arostegi, un hombre que form\u00f3 parte del gabinete de comunicaci\u00f3n del lehendakari Jos\u00e9 Antonio Aguirre Un reportaje de Iban Gorriti Recorte de prensa sobre el funeral de Egileor. Foto: DEIA la guerra del 36 en Euskadi tuvo &hellip; <a href=\"https:\/\/blogs.deia.eus\/historiasvascas\/2018\/01\/08\/el-periodista-jeltzale-del-exilio\/\" class=\"more-link\">Sigue leyendo <span class=\"screen-reader-text\">El periodista jeltzale del exilio<\/span><\/a><!-- AddThis Advanced Settings generic via filter on get_the_excerpt --><!-- AddThis Share Buttons generic via filter on get_the_excerpt --><\/p>\n","protected":false},"author":1,"featured_media":0,"comment_status":"open","ping_status":"open","sticky":false,"template":"","format":"standard","meta":{"footnotes":""},"categories":[1544],"tags":[89929,37162],"class_list":["post-1197","post","type-post","status-publish","format-standard","hentry","category-sin-categoria","tag-genaro-egileor-arostegi","tag-historia-de-los-vascos"],"_links":{"self":[{"href":"https:\/\/blogs.deia.eus\/historiasvascas\/wp-json\/wp\/v2\/posts\/1197","targetHints":{"allow":["GET"]}}],"collection":[{"href":"https:\/\/blogs.deia.eus\/historiasvascas\/wp-json\/wp\/v2\/posts"}],"about":[{"href":"https:\/\/blogs.deia.eus\/historiasvascas\/wp-json\/wp\/v2\/types\/post"}],"author":[{"embeddable":true,"href":"https:\/\/blogs.deia.eus\/historiasvascas\/wp-json\/wp\/v2\/users\/1"}],"replies":[{"embeddable":true,"href":"https:\/\/blogs.deia.eus\/historiasvascas\/wp-json\/wp\/v2\/comments?post=1197"}],"version-history":[{"count":1,"href":"https:\/\/blogs.deia.eus\/historiasvascas\/wp-json\/wp\/v2\/posts\/1197\/revisions"}],"predecessor-version":[{"id":1198,"href":"https:\/\/blogs.deia.eus\/historiasvascas\/wp-json\/wp\/v2\/posts\/1197\/revisions\/1198"}],"wp:attachment":[{"href":"https:\/\/blogs.deia.eus\/historiasvascas\/wp-json\/wp\/v2\/media?parent=1197"}],"wp:term":[{"taxonomy":"category","embeddable":true,"href":"https:\/\/blogs.deia.eus\/historiasvascas\/wp-json\/wp\/v2\/categories?post=1197"},{"taxonomy":"post_tag","embeddable":true,"href":"https:\/\/blogs.deia.eus\/historiasvascas\/wp-json\/wp\/v2\/tags?post=1197"}],"curies":[{"name":"wp","href":"https:\/\/api.w.org\/{rel}","templated":true}]}}