{"id":1070,"date":"2014-02-17T07:11:24","date_gmt":"2014-02-17T06:11:24","guid":{"rendered":"http:\/\/blogs.deia.com\/mantel-bleu\/?p=1070"},"modified":"2014-02-17T07:11:24","modified_gmt":"2014-02-17T06:11:24","slug":"pencas-rellenas-de-morro-y-patas-de-cerdo-con-pure-de-espinacas","status":"publish","type":"post","link":"https:\/\/blogs.deia.eus\/mantel-bleu\/2014\/02\/17\/pencas-rellenas-de-morro-y-patas-de-cerdo-con-pure-de-espinacas\/","title":{"rendered":"Pencas rellenas de morro y patas de cerdo con pur\u00e9 de espinacas"},"content":{"rendered":"<p><a href=\"http:\/\/mantelbleu.files.wordpress.com\/2014\/02\/la-foto-1355_fotor-1.jpg\"><img loading=\"lazy\" decoding=\"async\" alt=\"la foto-1355_Fotor 1\" src=\"http:\/\/mantelbleu.files.wordpress.com\/2014\/02\/la-foto-1355_fotor-1.jpg\" width=\"600\" height=\"448\" \/><\/a>Para evitar que comiendo esta hortaliza se nos quede cara de acelga, sin\u00f3nimo de mala cara o gesto torcido, sugiero incorporar a este pur\u00e9 una sorpresa que preparamos con lo que vienen siendo las piernas de la acelga, es decir las pencas y rellenarlas con un pastel que preparamos de ese animal que nos encanta y del que aprovechamos hasta los andares, &#8230;nuestro querido cerdo.<br \/>\nCon el morro y las patas, que cada d\u00eda se entiende m\u00e1s que en esto de la gastronom\u00eda se denominen manos de ministro, cocinamos todo. \u00a0Seguido, a\u00fan estando las patas calientes, hemos quitado los huesitos y junto con el morro hemos realizado una especie de pastelito que luego nos ha servido para rellenar las pencas.<br \/>\nSinceramente el resultado ha salido espectacular, ha resultado un plato divino.<br \/>\nMe imagino que ya est\u00e1is con ganas de empezar a preparar este suculento plato, as\u00ed que ya sab\u00e9is que necesito que os\u00a0coloqu\u00e9is\u00a0el delantal y empezamos.<\/p>\n<p style=\"text-align: center\"><strong>INGREDIENTES<\/strong><br \/>\n<a href=\"http:\/\/mantelbleu.files.wordpress.com\/2014\/02\/la-foto-1344_fotor-2.jpg\"><img loading=\"lazy\" decoding=\"async\" alt=\"la foto-1344_Fotor  2\" src=\"http:\/\/mantelbleu.files.wordpress.com\/2014\/02\/la-foto-1344_fotor-2.jpg\" width=\"600\" height=\"382\" \/><\/a><a href=\"http:\/\/mantelbleu.files.wordpress.com\/2014\/02\/la-foto-1353_fotor_collage-3_fotor.jpg\"><img loading=\"lazy\" decoding=\"async\" alt=\"la foto-1353_Fotor_Collage 3_Fotor\" src=\"http:\/\/mantelbleu.files.wordpress.com\/2014\/02\/la-foto-1353_fotor_collage-3_fotor.jpg\" width=\"600\" height=\"450\" \/><\/a>2 patas de cerdo<br \/>\n1 morro de cerdo<br \/>\nPimienta negra<br \/>\n8 pencas de acelga<br \/>\nHarina<br \/>\n2 huevos<br \/>\n1 Tomate<br \/>\n1 chalota<br \/>\n150 fr. de espinacas hervidas<br \/>\n1 diente de ajo<br \/>\n3 pimientos del piquillo<br \/>\nAceite de oliva virgen extra<br \/>\nSal<br \/>\nPimienta negra<\/p>\n<p><strong>ELABORACION<\/strong><\/p>\n<p><a href=\"http:\/\/mantelbleu.files.wordpress.com\/2014\/02\/la-foto-1354_fotor_collage-7_fotor.jpg\"><img loading=\"lazy\" decoding=\"async\" alt=\"la foto-1354_Fotor_Collage 7_Fotor\" src=\"http:\/\/mantelbleu.files.wordpress.com\/2014\/02\/la-foto-1354_fotor_collage-7_fotor.jpg\" width=\"600\" height=\"450\" \/><br \/>\n<\/a><a href=\"http:\/\/mantelbleu.files.wordpress.com\/2014\/02\/la-foto-1358_fotor_collage_fotor-9.jpg\"><img loading=\"lazy\" decoding=\"async\" alt=\"la foto-1358_Fotor_Collage_Fotor 9\" src=\"http:\/\/mantelbleu.files.wordpress.com\/2014\/02\/la-foto-1358_fotor_collage_fotor-9.jpg\" width=\"600\" height=\"450\" \/><\/a><strong>Preparamos las patas y el morro<\/strong><br \/>\nLimpiamos bien las patas y el morro y a temperatura alta lo colocamos en una olla express cubierto de agua.<br \/>\nSalpimentamos y cerramos. \u00a0Cuando la olla empiece a silbar bajamos la temperatura y dejamos a fuego lento 90 minutos.<br \/>\nAbrimos y colamos. Por una parte reservamos la salsa y por la otra tenemos la carne, que cuando se atempere iremos quitando los huesitos de las patas.<br \/>\nCortamos bien y mezclamos con el morro.<br \/>\nPreparamos una especie de masa sobre un papel de horno y cuando se enfri\u00e9 empezamos a rellenar.<br \/>\nCortamos las pencas y vamos rellenando.<br \/>\nPasamos por harina, sacudimos bien, \u00a0huevo y a la sart\u00e9n.<br \/>\nSacamos las y colocamos sobre papel de horno para desengrasar.<\/p>\n<p><strong>Preparamos la verdura<\/strong><br \/>\nEn una sart\u00e9n, incorporamos las verduras bien cortadas y limpias.<br \/>\nDejamos que se vayan pochando poco a poco.<br \/>\nCuando est\u00e9n blanditas, incorporamos un trozo de gelatina del cocido de las patas y el morro, a la salsa y que se vaya integrando con las verduras.<br \/>\nPasamos por la batidora y nos preparamos a emplatar.<\/p>\n<p><strong>EMPLATADO:<\/strong><\/p>\n<p>Colocamos el pur\u00e9 en el plato y sobre el mismo colocamos las pencas.<br \/>\nSalteamos unos cuantos pi\u00f1ones y esparcimos por el plato<br \/>\nAhora, a comer!!!<\/p>\n<p><a href=\"http:\/\/mantelbleu.files.wordpress.com\/2014\/02\/la-foto-1358_fotor_collage_fotor-9_fotor_collage-9_fotor.jpg\"><img loading=\"lazy\" decoding=\"async\" alt=\"la foto-1358_Fotor_Collage_Fotor 9_Fotor_Collage 9_Fotor\" src=\"http:\/\/mantelbleu.files.wordpress.com\/2014\/02\/la-foto-1358_fotor_collage_fotor-9_fotor_collage-9_fotor.jpg\" width=\"600\" height=\"450\" \/><br \/>\n<\/a><a href=\"http:\/\/mantelbleu.files.wordpress.com\/2014\/02\/la-foto-1358_fotor_collage_fotor-9_fotor_collage_fotor1.jpg\"><img loading=\"lazy\" decoding=\"async\" alt=\"la foto-1358_Fotor_Collage_Fotor 9_Fotor_Collage_Fotor\" src=\"http:\/\/mantelbleu.files.wordpress.com\/2014\/02\/la-foto-1358_fotor_collage_fotor-9_fotor_collage_fotor1.jpg\" width=\"600\" height=\"450\" \/><\/a><\/p>\n<!-- AddThis Advanced Settings generic via filter on the_content --><!-- AddThis Share Buttons generic via filter on the_content -->","protected":false},"excerpt":{"rendered":"<p>Para evitar que comiendo esta hortaliza se nos quede cara de acelga, sin\u00f3nimo de mala cara o gesto torcido, sugiero incorporar a este pur\u00e9 una sorpresa que preparamos con lo que vienen siendo las piernas de la acelga, es decir las pencas y rellenarlas con un pastel que preparamos de ese animal que nos encanta &hellip; <a href=\"https:\/\/blogs.deia.eus\/mantel-bleu\/2014\/02\/17\/pencas-rellenas-de-morro-y-patas-de-cerdo-con-pure-de-espinacas\/\" class=\"more-link\">Sigue leyendo <span class=\"screen-reader-text\">Pencas rellenas de morro y patas de cerdo con pur\u00e9 de espinacas<\/span><\/a><!-- AddThis Advanced Settings generic via filter on get_the_excerpt --><!-- AddThis Share Buttons generic via filter on get_the_excerpt --><\/p>\n","protected":false},"author":83,"featured_media":0,"comment_status":"open","ping_status":"open","sticky":false,"template":"","format":"standard","meta":{"footnotes":""},"categories":[38768,38766,38767],"tags":[38807,38822,38816,45738,38955,38835,16518,45891,49915,38905,38870,40650,38776,38830,38777],"class_list":["post-1070","post","type-post","status-publish","format-standard","hentry","category-carnes","category-entrantes","category-verduras","tag-aceite","tag-ajo","tag-cebollino","tag-chalotas","tag-espinacas","tag-harina","tag-huevo","tag-morro-de-cerdo","tag-patas-de-cerdo","tag-pencas-de-acelga","tag-pimienta-negra","tag-pimientos-del-piquillo","tag-pinones","tag-sal","tag-tomate"],"_links":{"self":[{"href":"https:\/\/blogs.deia.eus\/mantel-bleu\/wp-json\/wp\/v2\/posts\/1070","targetHints":{"allow":["GET"]}}],"collection":[{"href":"https:\/\/blogs.deia.eus\/mantel-bleu\/wp-json\/wp\/v2\/posts"}],"about":[{"href":"https:\/\/blogs.deia.eus\/mantel-bleu\/wp-json\/wp\/v2\/types\/post"}],"author":[{"embeddable":true,"href":"https:\/\/blogs.deia.eus\/mantel-bleu\/wp-json\/wp\/v2\/users\/83"}],"replies":[{"embeddable":true,"href":"https:\/\/blogs.deia.eus\/mantel-bleu\/wp-json\/wp\/v2\/comments?post=1070"}],"version-history":[{"count":5,"href":"https:\/\/blogs.deia.eus\/mantel-bleu\/wp-json\/wp\/v2\/posts\/1070\/revisions"}],"predecessor-version":[{"id":1075,"href":"https:\/\/blogs.deia.eus\/mantel-bleu\/wp-json\/wp\/v2\/posts\/1070\/revisions\/1075"}],"wp:attachment":[{"href":"https:\/\/blogs.deia.eus\/mantel-bleu\/wp-json\/wp\/v2\/media?parent=1070"}],"wp:term":[{"taxonomy":"category","embeddable":true,"href":"https:\/\/blogs.deia.eus\/mantel-bleu\/wp-json\/wp\/v2\/categories?post=1070"},{"taxonomy":"post_tag","embeddable":true,"href":"https:\/\/blogs.deia.eus\/mantel-bleu\/wp-json\/wp\/v2\/tags?post=1070"}],"curies":[{"name":"wp","href":"https:\/\/api.w.org\/{rel}","templated":true}]}}