{"id":2370,"date":"2015-08-08T21:43:23","date_gmt":"2015-08-08T19:43:23","guid":{"rendered":"http:\/\/blogs.deia.com\/mantel-bleu\/?p=2370"},"modified":"2015-08-08T21:43:23","modified_gmt":"2015-08-08T19:43:23","slug":"pastel-de-salchichas","status":"publish","type":"post","link":"https:\/\/blogs.deia.eus\/mantel-bleu\/2015\/08\/08\/pastel-de-salchichas\/","title":{"rendered":"Pastel de salchichas"},"content":{"rendered":"<p><a href=\"http:\/\/blogs.deia.com\/mantel-bleu\/files\/2015\/08\/Pastel-de-salchichas-Deia-Portada.jpg\"><img loading=\"lazy\" decoding=\"async\" class=\"alignnone size-full wp-image-2371\" src=\"http:\/\/blogs.deia.com\/mantel-bleu\/files\/2015\/08\/Pastel-de-salchichas-Deia-Portada.jpg\" alt=\"Pastel de salchichas Deia Portada\" width=\"749\" height=\"681\" srcset=\"https:\/\/blogs.deia.eus\/mantel-bleu\/files\/2015\/08\/Pastel-de-salchichas-Deia-Portada.jpg 749w, https:\/\/blogs.deia.eus\/mantel-bleu\/files\/2015\/08\/Pastel-de-salchichas-Deia-Portada-580x527.jpg 580w\" sizes=\"auto, (max-width: 749px) 100vw, 749px\" \/><\/a>Me encanta esta receta, porque estos pasteles salados son deliciosos, se dejan preparados y un ratito antes de sentarse a la mesa se pasan por el horno y \u00a1sorpresa! en pocos minutos aparece reluciente y con una pinta muy sabrosa que luego cuando esperamos un poco para no abrasarnos con el primer bocado siempre nos deja satisfechas.<br \/>\nLo podemos rellenar con los ingredientes que se nos ocurra o como suele pasar con los que tenemos m\u00e1s a mano. L\u00e1s l\u00e1minas a utilizar a gusto de la cocinera, con hojaldre queda impresionante, pero en este caso dado que las salchichas en el horno sueltan su jugo, \u00a0he elegido la masa de empanada porque a mi parecer aguanta m\u00e1s la salsilla.<br \/>\nFundamental para que nos quede perfecta es escurrir mucho las verduras, pero bueno &#8230; vamos a empezar a prepararlo que es realmente como se entienden mejor las pautas a seguir.<br \/>\nPrimero como siempre nos colocamos el delantal y empezamos.<\/p>\n<p><strong><a href=\"http:\/\/mantelbleu.com\/wp-content\/uploads\/2015\/08\/Pastel-de-salchichas-etiqueta.jpg\"><img loading=\"lazy\" decoding=\"async\" class=\"aligncenter size-full wp-image-10321\" src=\"http:\/\/mantelbleu.com\/wp-content\/uploads\/2015\/08\/Pastel-de-salchichas-etiqueta.jpg\" alt=\"Pastel de salchichas etiqueta\" width=\"640\" height=\"330\" \/><\/a>INGREDIENTES (para 3 personas)<\/strong>: 1 l\u00e1mina de empanada, 2 cebollas, 100 g de lonchas de queso (del tipo que m\u00e1s ns guste, en casa hemos puesto havarti), 300 g salchichas de pollo, aceite, 1 huevo, sal* y pimienta.<br \/>\n<em>*(Observar\u00e9is que en la elaboraci\u00f3n en ning\u00fan momento se\u00f1alo la sal y es porque en este pastel las salchichas de pollo al hornearlas las sube el salado y el queso que colocamos tambi\u00e9n aporta lo suyo por lo que si no os gusta mucho la sal, yo no la echar\u00eda).<\/em><\/p>\n<p><strong>ELABORACION<\/strong><\/p>\n<p><strong>Preparamos la cebolla<\/strong><br \/>\nPelamos, cortamos la cebolla y la incorporamos a una sart\u00e9n bien caliente donde echamos un chorrete de aceite.<br \/>\nBajamos la temperatura, espolvoreamos pimienta al gusto y dejamos que se vaya pochando poco a poco durante 20\/30 minutos.<br \/>\nSacamos y la vertemos en un colador para que vaya desengrasando.<\/p>\n<p><strong>Montamos el pastel<\/strong><br \/>\nAbrimos la pasta de la empanada (mirar que sea cuadrada) y la cortamos en tiras de unos 6 cm.<br \/>\nCortamos las lonchas de queso por la mitad y las vamos colocando en el centro de las tiras de la masa.<br \/>\nEncima del queso ponemos la cebolla escurrida y por \u00faltimo la salchicha\u00a0y vamos cerrando.<br \/>\nPresionamos ambos lados con las yemas de los dedos y fijamos la masa si es necesario con una brocha untada en agua.<br \/>\nEstos churros los vamos colocando en el recipiente que vamos a utilizar, \u00a0de fuera hacia dentro <em>(y los juntamos de nuevo presionando con los dedos y pasando por los bordes la brocha con el agua, <a href=\"http:\/\/mantelbleu.com\/caracola-de-verduras-y-bacalao\/\">ver foto elaboraci\u00f3n de la caracola de verduras y bacalao)<\/a><\/em><a href=\"http:\/\/mantelbleu.com\/caracola-de-verduras-y-bacalao\/\">,<\/a> hasta cerrar el circulo.<br \/>\nPintamos con huevo batido y al horno.<br \/>\nHorneamos durante 20 minutos a 180\u00ba, (guiarnos siempre por la temperatura que se\u00f1ala la masa utilizada) sacamos y en cinco minutos a comer,<br \/>\nEspero que os guste.<\/p>\n<p><a href=\"http:\/\/mantelbleu.com\/wp-content\/uploads\/2015\/08\/Pastel-de-salchichas-Portada.jpg\"><img loading=\"lazy\" decoding=\"async\" class=\"aligncenter size-large wp-image-10303\" src=\"http:\/\/mantelbleu.com\/wp-content\/uploads\/2015\/08\/Pastel-de-salchichas-Portada-1024x853.jpg\" alt=\"Pastel de salchichas Portada\" width=\"640\" height=\"533\" \/><\/a><\/p>\n<p><a href=\"http:\/\/mantelbleu.com\/wp-content\/uploads\/2015\/08\/5fb674a8e341313fd4ba0fdc88d91404.jpg\"><img loading=\"lazy\" decoding=\"async\" class=\"aligncenter size-large wp-image-10304\" src=\"http:\/\/mantelbleu.com\/wp-content\/uploads\/2015\/08\/5fb674a8e341313fd4ba0fdc88d91404.jpg\" alt=\"Pastel de salchichas Elaboraci\u00f3n_Fotor\" width=\"640\" height=\"480\" \/><\/a>ELABORACION<br \/>\nCortamos la l\u00e1mina de la empanada en<br \/>\n<a href=\"http:\/\/mantelbleu.com\/wp-content\/uploads\/2015\/08\/754f7f0f99c130c70842c0679c7918901.jpg\"><img loading=\"lazy\" decoding=\"async\" class=\"aligncenter size-full wp-image-10209\" src=\"http:\/\/mantelbleu.com\/wp-content\/uploads\/2015\/08\/754f7f0f99c130c70842c0679c7918901.jpg\" alt=\"\u00e2stel de salchichas 1\" width=\"750\" height=\"750\" \/><\/a><a href=\"http:\/\/mantelbleu.com\/wp-content\/uploads\/2015\/08\/754f7f0f99c130c70842c0679c791890.jpg\"><br \/>\n<\/a><a href=\"http:\/\/mantelbleu.com\/wp-content\/uploads\/2015\/08\/Tarta-de-salchichas-2.jpg\"><img loading=\"lazy\" decoding=\"async\" class=\"aligncenter size-full wp-image-10205\" src=\"http:\/\/mantelbleu.com\/wp-content\/uploads\/2015\/08\/Tarta-de-salchichas-2.jpg\" alt=\"Tarta de salchichas 2\" width=\"749\" height=\"672\" \/><\/a><a href=\"http:\/\/mantelbleu.com\/wp-content\/uploads\/2015\/08\/Pastel-de-salchichas-3.jpg\"><img loading=\"lazy\" decoding=\"async\" class=\"aligncenter size-full wp-image-10299\" src=\"http:\/\/mantelbleu.com\/wp-content\/uploads\/2015\/08\/Pastel-de-salchichas-3.jpg\" alt=\"Pastel de salchichas 3\" width=\"749\" height=\"667\" \/><\/a><a href=\"http:\/\/mantelbleu.com\/wp-content\/uploads\/2015\/08\/Pastel-de-salchichas-4.jpg\"><img loading=\"lazy\" decoding=\"async\" class=\"aligncenter size-full wp-image-10300\" src=\"http:\/\/mantelbleu.com\/wp-content\/uploads\/2015\/08\/Pastel-de-salchichas-4.jpg\" alt=\"Pastel de salchichas 4\" width=\"748\" height=\"481\" \/><\/a><a href=\"http:\/\/mantelbleu.com\/wp-content\/uploads\/2015\/08\/Pastel-de-salchichas-5.jpg\"><img loading=\"lazy\" decoding=\"async\" class=\"aligncenter size-full wp-image-10301\" src=\"http:\/\/mantelbleu.com\/wp-content\/uploads\/2015\/08\/Pastel-de-salchichas-5.jpg\" alt=\"Pastel de salchichas 5\" width=\"749\" height=\"1004\" \/><\/a><\/p>\n<!-- AddThis Advanced Settings generic via filter on the_content --><!-- AddThis Share Buttons generic via filter on the_content -->","protected":false},"excerpt":{"rendered":"<p>Me encanta esta receta, porque estos pasteles salados son deliciosos, se dejan preparados y un ratito antes de sentarse a la mesa se pasan por el horno y \u00a1sorpresa! en pocos minutos aparece reluciente y con una pinta muy sabrosa que luego cuando esperamos un poco para no abrasarnos con el primer bocado siempre nos &hellip; <a href=\"https:\/\/blogs.deia.eus\/mantel-bleu\/2015\/08\/08\/pastel-de-salchichas\/\" class=\"more-link\">Sigue leyendo <span class=\"screen-reader-text\">Pastel de salchichas<\/span><\/a><!-- AddThis Advanced Settings generic via filter on get_the_excerpt --><!-- AddThis Share Buttons generic via filter on get_the_excerpt --><\/p>\n","protected":false},"author":83,"featured_media":0,"comment_status":"open","ping_status":"open","sticky":false,"template":"","format":"standard","meta":{"footnotes":""},"categories":[38768,38766],"tags":[67591,74745,74746,67681,74747,74748],"class_list":["post-2370","post","type-post","status-publish","format-standard","hentry","category-carnes","category-entrantes","tag-brunch","tag-cake-sausages","tag-pastel-de-salchichas","tag-picoteos-y-merendolas","tag-recetas-para-llevar-de-excursion","tag-saucisses-de-gateau"],"_links":{"self":[{"href":"https:\/\/blogs.deia.eus\/mantel-bleu\/wp-json\/wp\/v2\/posts\/2370","targetHints":{"allow":["GET"]}}],"collection":[{"href":"https:\/\/blogs.deia.eus\/mantel-bleu\/wp-json\/wp\/v2\/posts"}],"about":[{"href":"https:\/\/blogs.deia.eus\/mantel-bleu\/wp-json\/wp\/v2\/types\/post"}],"author":[{"embeddable":true,"href":"https:\/\/blogs.deia.eus\/mantel-bleu\/wp-json\/wp\/v2\/users\/83"}],"replies":[{"embeddable":true,"href":"https:\/\/blogs.deia.eus\/mantel-bleu\/wp-json\/wp\/v2\/comments?post=2370"}],"version-history":[{"count":2,"href":"https:\/\/blogs.deia.eus\/mantel-bleu\/wp-json\/wp\/v2\/posts\/2370\/revisions"}],"predecessor-version":[{"id":2373,"href":"https:\/\/blogs.deia.eus\/mantel-bleu\/wp-json\/wp\/v2\/posts\/2370\/revisions\/2373"}],"wp:attachment":[{"href":"https:\/\/blogs.deia.eus\/mantel-bleu\/wp-json\/wp\/v2\/media?parent=2370"}],"wp:term":[{"taxonomy":"category","embeddable":true,"href":"https:\/\/blogs.deia.eus\/mantel-bleu\/wp-json\/wp\/v2\/categories?post=2370"},{"taxonomy":"post_tag","embeddable":true,"href":"https:\/\/blogs.deia.eus\/mantel-bleu\/wp-json\/wp\/v2\/tags?post=2370"}],"curies":[{"name":"wp","href":"https:\/\/api.w.org\/{rel}","templated":true}]}}