{"id":2460,"date":"2015-10-05T22:19:15","date_gmt":"2015-10-05T20:19:15","guid":{"rendered":"http:\/\/blogs.deia.com\/mantel-bleu\/?p=2460"},"modified":"2015-10-06T21:59:24","modified_gmt":"2015-10-06T19:59:24","slug":"arroz-negro-con-sepia-tupper-menu","status":"publish","type":"post","link":"https:\/\/blogs.deia.eus\/mantel-bleu\/2015\/10\/05\/arroz-negro-con-sepia-tupper-menu\/","title":{"rendered":"Arroz negro con sepia TUPPER &#8211; MENU"},"content":{"rendered":"<p><a href=\"http:\/\/blogs.deia.com\/mantel-bleu\/files\/2015\/10\/Arroz-negro-con-sepia-Deia-Portada.jpg\"><img loading=\"lazy\" decoding=\"async\" class=\"alignnone size-full wp-image-2461\" src=\"http:\/\/blogs.deia.com\/mantel-bleu\/files\/2015\/10\/Arroz-negro-con-sepia-Deia-Portada.jpg\" alt=\"Arroz negro con sepia  Deia Portada\" width=\"749\" height=\"583\" srcset=\"https:\/\/blogs.deia.eus\/mantel-bleu\/files\/2015\/10\/Arroz-negro-con-sepia-Deia-Portada.jpg 749w, https:\/\/blogs.deia.eus\/mantel-bleu\/files\/2015\/10\/Arroz-negro-con-sepia-Deia-Portada-580x451.jpg 580w\" sizes=\"auto, (max-width: 749px) 100vw, 749px\" \/><\/a>\u201cTupper que te quiero lleno\u2026\u201d, \u00e9ste podr\u00eda ser el t\u00edtulo de un thriller donde el protagonista despierta por la noche y se da cuenta que se le ha olvidado preparar \u201cel tupper\u201d y al d\u00eda siguiente a la hora del almuerzo s\u00f3lo le acompa\u00f1ar\u00e1 el rock del rugido estomacal , \u2026 \u00a1terribles acordes!!!, \u00bfqui\u00e9n no los ha sufrido alguna vez?&#8230;, pero volvamos al protagonista, que en ese despertar angustioso de pronto se acuerda que \u2026 simplemente tecleando mantelbleu.com y luego TUPPER-MENU, se le abren un mont\u00f3n de sugerencias deliciosas y de pronto ese almuerzo venidero, que pintaba bien negro, no ha cambiado de color pero, con unos pocos ingredientes lo ha reconvertido en un <strong>arroz negro con sepia <\/strong>que da gloria com\u00e9rselo.<br \/>\nVolvamos a la realidad y como siempre no se os olvide el delantal, tomamos buena nota de los ingredientes y empezamos.<\/p>\n<p><strong>TUPPER \u2013 MENU semanal<\/strong>:<br \/>\n<a href=\"http:\/\/mantelbleu.com\/bacalao-con-crema-de-pimientos\/\">Lunes: Bacalao con crema de pimientos<\/a><br \/>\n<strong>Martes<\/strong>: Arroz negro con sepia<br \/>\n<strong>Mi\u00e9rcoles<\/strong>: Garbanzos con rabo<br \/>\n<strong>Jueves:<\/strong> Carrilleras con salsa de verduras<\/p>\n<p><a href=\"http:\/\/mantelbleu.com\/wp-content\/uploads\/2015\/10\/1500e410024e400bb5e720de8ba4ee12.jpg\"><img loading=\"lazy\" decoding=\"async\" class=\"aligncenter size-medium wp-image-10778\" src=\"http:\/\/mantelbleu.com\/wp-content\/uploads\/2015\/10\/1500e410024e400bb5e720de8ba4ee12-300x300.jpg\" alt=\"Tupper - Men\u00fa Arroz negro con sepia\" width=\"300\" height=\"300\" \/><\/a><\/p>\n<p><strong><a href=\"http:\/\/blogs.deia.com\/mantel-bleu\/files\/2015\/10\/Arroz-negro-con-sepia-Etiqueta-Ingredientes.jpg\"><img loading=\"lazy\" decoding=\"async\" class=\"alignnone size-full wp-image-2463\" src=\"http:\/\/blogs.deia.com\/mantel-bleu\/files\/2015\/10\/Arroz-negro-con-sepia-Etiqueta-Ingredientes.jpg\" alt=\"Arroz negro con sepia Etiqueta Ingredientes\" width=\"748\" height=\"536\" srcset=\"https:\/\/blogs.deia.eus\/mantel-bleu\/files\/2015\/10\/Arroz-negro-con-sepia-Etiqueta-Ingredientes.jpg 748w, https:\/\/blogs.deia.eus\/mantel-bleu\/files\/2015\/10\/Arroz-negro-con-sepia-Etiqueta-Ingredientes-580x416.jpg 580w\" sizes=\"auto, (max-width: 748px) 100vw, 748px\" \/><\/a><a href=\"http:\/\/mantelbleu.com\/wp-content\/uploads\/2015\/10\/Arroz-negro-con-sepia-Etiqueta.jpg\"><br \/>\n<\/a><br \/>\nIngredientes\u00a0<\/strong>(para 2 raciones): \u00a0150g de arroz, 300 g de sepia, 1 sobre de tinta, 1 tomate, 2 cebollas, 2 dientes de ajo, 1 trozo de pan, aceite, sal y 300 g de agua. (<em>Opcional: 1 toque de pimienta<\/em>)<a href=\"http:\/\/mantelbleu.com\/wp-content\/uploads\/2015\/10\/Arroz-con-sepia_Fotor.jpg\"><img loading=\"lazy\" decoding=\"async\" class=\"aligncenter size-full wp-image-10779\" src=\"http:\/\/mantelbleu.com\/wp-content\/uploads\/2015\/10\/Arroz-con-sepia_Fotor.jpg\" alt=\"Arroz con sepia_Fotor\" width=\"749\" height=\"562\" \/><\/a><strong>ELABORACION<\/strong><a href=\"http:\/\/mantelbleu.com\/wp-content\/uploads\/2015\/10\/Arroz-negro-con-sepia_Fotor.jpg\"><img loading=\"lazy\" decoding=\"async\" class=\"aligncenter size-full wp-image-10780\" src=\"http:\/\/mantelbleu.com\/wp-content\/uploads\/2015\/10\/Arroz-negro-con-sepia_Fotor.jpg\" alt=\"Arroz negro con sepia_Fotor\" width=\"749\" height=\"562\" \/><\/a><strong>Preparamos la verdura<br \/>\n<\/strong>En una sart\u00e9n bien caliente echamos un chorrete de aceite y bajamos la temperatura.<br \/>\nIncorporamos todo picado la cebolla primero hasta que se ablande un poco, seguimos con temperatura baja y a\u00f1adimos el ajo y por \u00faltimo el tomate.<br \/>\nSal, pimienta, dejamos unos 15\/20 minutos, apagamos y a la batidora. Reservamos.<\/p>\n<p><strong>Preparamos la sepia<\/strong><br \/>\nLimpiamos la sepia, la cortamos\u00a0y a la sart\u00e9n con ajo bien picado.<br \/>\nFre\u00edmos con un chorrete de aceite durante unos 15 minutos e incorporamos la verdura reservada.<br \/>\nDejamos hasta que la sepia \u00a0est\u00e9 blandita, \u00a0incorporamos la tinta a la sart\u00e9n, removemos bien y en unos 5 minutos apagamos, apartamos y que repose.<\/p>\n<p><strong>Preparamos el arroz<br \/>\n<\/strong>Con la cazuela caliente, echamos un chorrete de aceite y el ajo picado.<br \/>\n<span style=\"line-height: 1.5\">Incorporamos el arroz, rehogamos y seguido el agua.<br \/>\n<\/span>Dejamos que rompa a hervir, bajamos la temperatura al dos y dejamos que se haga en 20 minutos.<br \/>\nCuando el arroz est\u00e9 en su punto, le a\u00f1adimos la salsa de verdura con la sepia, removemos y al tupper.<br \/>\nDisfrutar de este plato tan delicioso.<a href=\"http:\/\/mantelbleu.com\/wp-content\/uploads\/2015\/10\/Arroz-negro-con-sepia-1.jpg\"><img loading=\"lazy\" decoding=\"async\" class=\"aligncenter size-full wp-image-10782\" src=\"http:\/\/mantelbleu.com\/wp-content\/uploads\/2015\/10\/Arroz-negro-con-sepia-1.jpg\" alt=\"Arroz negro con sepia 1\" width=\"749\" height=\"1004\" \/><\/a><a href=\"http:\/\/mantelbleu.com\/wp-content\/uploads\/2015\/10\/Arroz-negro-con-sepia-2.jpg\"><img loading=\"lazy\" decoding=\"async\" class=\"aligncenter size-full wp-image-10783\" src=\"http:\/\/mantelbleu.com\/wp-content\/uploads\/2015\/10\/Arroz-negro-con-sepia-2.jpg\" alt=\"Arroz negro con sepia 2\" width=\"749\" height=\"560\" \/><\/a><a href=\"http:\/\/mantelbleu.com\/wp-content\/uploads\/2015\/10\/Arroz-negro-con-sepia-6.jpg\"><img loading=\"lazy\" decoding=\"async\" class=\"aligncenter size-full wp-image-10784\" src=\"http:\/\/mantelbleu.com\/wp-content\/uploads\/2015\/10\/Arroz-negro-con-sepia-6.jpg\" alt=\"Arroz negro con sepia 6\" width=\"749\" height=\"590\" \/><\/a><a href=\"http:\/\/mantelbleu.com\/wp-content\/uploads\/2015\/10\/Arroz-negro-con-sepia-5.jpg\"><img loading=\"lazy\" decoding=\"async\" class=\"aligncenter size-full wp-image-10785\" src=\"http:\/\/mantelbleu.com\/wp-content\/uploads\/2015\/10\/Arroz-negro-con-sepia-5.jpg\" alt=\"Arroz negro con sepia 5\" width=\"749\" height=\"1004\" \/><\/a><\/p>\n<p>&nbsp;<\/p>\n<!-- AddThis Advanced Settings generic via filter on the_content --><!-- AddThis Share Buttons generic via filter on the_content -->","protected":false},"excerpt":{"rendered":"<p>\u201cTupper que te quiero lleno\u2026\u201d, \u00e9ste podr\u00eda ser el t\u00edtulo de un thriller donde el protagonista despierta por la noche y se da cuenta que se le ha olvidado preparar \u201cel tupper\u201d y al d\u00eda siguiente a la hora del almuerzo s\u00f3lo le acompa\u00f1ar\u00e1 el rock del rugido estomacal , \u2026 \u00a1terribles acordes!!!, \u00bfqui\u00e9n no &hellip; <a href=\"https:\/\/blogs.deia.eus\/mantel-bleu\/2015\/10\/05\/arroz-negro-con-sepia-tupper-menu\/\" class=\"more-link\">Sigue leyendo <span class=\"screen-reader-text\">Arroz negro con sepia TUPPER &#8211; MENU<\/span><\/a><!-- AddThis Advanced Settings generic via filter on get_the_excerpt --><!-- AddThis Share Buttons generic via filter on get_the_excerpt --><\/p>\n","protected":false},"author":83,"featured_media":0,"comment_status":"open","ping_status":"open","sticky":false,"template":"","format":"standard","meta":{"footnotes":""},"categories":[80966],"tags":[74847,74848,74849,74846,74842],"class_list":["post-2460","post","type-post","status-publish","format-standard","hentry","category-otras-recetas","tag-arroz-negro-con-sepia","tag-black-rice-with-cuttlefish","tag-riz-noir-a-la-seiche","tag-tupper","tag-tupper-recetas"],"_links":{"self":[{"href":"https:\/\/blogs.deia.eus\/mantel-bleu\/wp-json\/wp\/v2\/posts\/2460","targetHints":{"allow":["GET"]}}],"collection":[{"href":"https:\/\/blogs.deia.eus\/mantel-bleu\/wp-json\/wp\/v2\/posts"}],"about":[{"href":"https:\/\/blogs.deia.eus\/mantel-bleu\/wp-json\/wp\/v2\/types\/post"}],"author":[{"embeddable":true,"href":"https:\/\/blogs.deia.eus\/mantel-bleu\/wp-json\/wp\/v2\/users\/83"}],"replies":[{"embeddable":true,"href":"https:\/\/blogs.deia.eus\/mantel-bleu\/wp-json\/wp\/v2\/comments?post=2460"}],"version-history":[{"count":2,"href":"https:\/\/blogs.deia.eus\/mantel-bleu\/wp-json\/wp\/v2\/posts\/2460\/revisions"}],"predecessor-version":[{"id":2464,"href":"https:\/\/blogs.deia.eus\/mantel-bleu\/wp-json\/wp\/v2\/posts\/2460\/revisions\/2464"}],"wp:attachment":[{"href":"https:\/\/blogs.deia.eus\/mantel-bleu\/wp-json\/wp\/v2\/media?parent=2460"}],"wp:term":[{"taxonomy":"category","embeddable":true,"href":"https:\/\/blogs.deia.eus\/mantel-bleu\/wp-json\/wp\/v2\/categories?post=2460"},{"taxonomy":"post_tag","embeddable":true,"href":"https:\/\/blogs.deia.eus\/mantel-bleu\/wp-json\/wp\/v2\/tags?post=2460"}],"curies":[{"name":"wp","href":"https:\/\/api.w.org\/{rel}","templated":true}]}}