{"id":2408,"date":"2014-02-02T10:10:14","date_gmt":"2014-02-02T09:10:14","guid":{"rendered":"http:\/\/blogs.deia.com\/mas-que-palabras\/?p=2408"},"modified":"2014-02-02T00:22:12","modified_gmt":"2014-02-01T23:22:12","slug":"la-roja-en-san-mames","status":"publish","type":"post","link":"https:\/\/blogs.deia.eus\/mas-que-palabras\/2014\/02\/02\/la-roja-en-san-mames\/","title":{"rendered":"\u00bfLa &#8216;roja&#8217; en San Mam\u00e9s?"},"content":{"rendered":"<p>Viendo las \u00faltimas ediciones de Eurovisi\u00f3n \u2014uno tiene esos vicios, qu\u00e9 le vamos a hacer\u2014, me sorprendi\u00f3 un curioso fen\u00f3meno: se votaban entre s\u00ed estados que hasta anteayer hab\u00edan mantenido guerras crudel\u00edsimas o, como poco, se las hab\u00edan tenido muy pero que muy tiesas. As\u00ed, por ejemplo, Serbia, Croacia y Bosnia Herzegovina intercambiaban las m\u00e1ximas puntuaciones o las rep\u00fablicas b\u00e1lticas aupaban a Rusia, que tambi\u00e9n beneficiaba a sus ex hermanastras en esa familia a la fuerza que fue la extinta URSS. Traslad\u00e1ndolo a lo cercano, me dio por pensar que quiz\u00e1 la normalidad por la que tanto suspiramos llegar\u00eda el d\u00eda en el que Euskal Herria concediera ocho, diez o doce puntos a Espa\u00f1a (y viceversa) en el casposo festival.<\/p>\n<p>El mismo argumento, seguramente de pata de banco, me lleva a creer que el nuevo tiempo lo ser\u00e1 de verdad cuando cualquiera de nuestros estadios pueda acoger con total naturalidad un partido de la selecci\u00f3n espa\u00f1ola de f\u00fatbol de una competici\u00f3n internacional. Me apresuro a se\u00f1alar que hablo de naturalidad por ambas partes, lo que implica que nadie deber\u00eda sentirse ni invadido ni invasor. Es decir, que la llamada <i>Roja<\/i> disputara el encuentro o los encuentros en parecidas condiciones \u2014iguales del todo no iban a ser nunca\u2014 que, pongamos, Inglaterra, Francia, la antigua Checoslovaquia o Kuwait, a las que los que tenemos cierta edad vimos jugar en el viejo San Mam\u00e9s en el Mundial de 1982.<\/p>\n<p>\u00bfSe dan los requisitos para que ocurra algo as\u00ed? Dir\u00eda que, desgraciadamente, no. Sin llegar a los extremos apocal\u00edpticos que pint\u00f3 el viernes el Diputado General de Bizkaia, Jos\u00e9 Luis Bilbao, temo que nadie nos librar\u00eda de un pu\u00f1ado de episodios desagradables. Sin embargo, a\u00f1ado, a riesgo de ser acollejado imp\u00edamente, que quiz\u00e1 sea un sarampi\u00f3n que debamos pasar. Puedo estar equivocado, pero sostengo que romper de una vez ese tab\u00fa simb\u00f3lico, cruzar ese Rubic\u00f3n mental, nos har\u00eda m\u00e1s bien que mal.<\/p>\n<!-- AddThis Advanced Settings generic via filter on the_content --><!-- AddThis Share Buttons generic via filter on the_content -->","protected":false},"excerpt":{"rendered":"<p>Viendo las \u00faltimas ediciones de Eurovisi\u00f3n \u2014uno tiene esos vicios, qu\u00e9 le vamos a hacer\u2014, me sorprendi\u00f3 un curioso fen\u00f3meno: se votaban entre s\u00ed estados que hasta anteayer hab\u00edan mantenido guerras crudel\u00edsimas o, como poco, se las hab\u00edan tenido muy pero que muy tiesas. As\u00ed, por ejemplo, Serbia, Croacia y Bosnia Herzegovina intercambiaban las m\u00e1ximas &hellip; <a href=\"https:\/\/blogs.deia.eus\/mas-que-palabras\/2014\/02\/02\/la-roja-en-san-mames\/\" class=\"more-link\">Sigue leyendo <span class=\"screen-reader-text\">\u00bfLa &#8216;roja&#8217; en San Mam\u00e9s?<\/span><\/a><!-- AddThis Advanced Settings generic via filter on get_the_excerpt --><!-- AddThis Share Buttons generic via filter on get_the_excerpt --><\/p>\n","protected":false},"author":18,"featured_media":0,"comment_status":"open","ping_status":"open","sticky":false,"template":"","format":"standard","meta":{"footnotes":""},"categories":[155],"tags":[4448,10813,35025,4634,245,4635,1437,20382],"class_list":["post-2408","post","type-post","status-publish","format-standard","hentry","category-general","tag-espana","tag-eurocopa","tag-eurovision","tag-euskal-herria","tag-mundial","tag-normalizacion","tag-san-mames","tag-seleccion-espanola"],"_links":{"self":[{"href":"https:\/\/blogs.deia.eus\/mas-que-palabras\/wp-json\/wp\/v2\/posts\/2408","targetHints":{"allow":["GET"]}}],"collection":[{"href":"https:\/\/blogs.deia.eus\/mas-que-palabras\/wp-json\/wp\/v2\/posts"}],"about":[{"href":"https:\/\/blogs.deia.eus\/mas-que-palabras\/wp-json\/wp\/v2\/types\/post"}],"author":[{"embeddable":true,"href":"https:\/\/blogs.deia.eus\/mas-que-palabras\/wp-json\/wp\/v2\/users\/18"}],"replies":[{"embeddable":true,"href":"https:\/\/blogs.deia.eus\/mas-que-palabras\/wp-json\/wp\/v2\/comments?post=2408"}],"version-history":[{"count":2,"href":"https:\/\/blogs.deia.eus\/mas-que-palabras\/wp-json\/wp\/v2\/posts\/2408\/revisions"}],"predecessor-version":[{"id":2410,"href":"https:\/\/blogs.deia.eus\/mas-que-palabras\/wp-json\/wp\/v2\/posts\/2408\/revisions\/2410"}],"wp:attachment":[{"href":"https:\/\/blogs.deia.eus\/mas-que-palabras\/wp-json\/wp\/v2\/media?parent=2408"}],"wp:term":[{"taxonomy":"category","embeddable":true,"href":"https:\/\/blogs.deia.eus\/mas-que-palabras\/wp-json\/wp\/v2\/categories?post=2408"},{"taxonomy":"post_tag","embeddable":true,"href":"https:\/\/blogs.deia.eus\/mas-que-palabras\/wp-json\/wp\/v2\/tags?post=2408"}],"curies":[{"name":"wp","href":"https:\/\/api.w.org\/{rel}","templated":true}]}}