{"id":3009,"date":"2015-03-03T09:46:24","date_gmt":"2015-03-03T08:46:24","guid":{"rendered":"http:\/\/blogs.deia.com\/mas-que-palabras\/?p=3009"},"modified":"2015-03-03T09:46:24","modified_gmt":"2015-03-03T08:46:24","slug":"la-etica-de-tona","status":"publish","type":"post","link":"https:\/\/blogs.deia.eus\/mas-que-palabras\/2015\/03\/03\/la-etica-de-tona\/","title":{"rendered":"La \u00e9tica de To\u00f1a"},"content":{"rendered":"<p>En ese papel de latigadora que sus asesores a\u00fan no le han dicho que le va fatal y lo pone en pr\u00e1ctica peor, Arantza Quiroga le espet\u00f3 al lehendakari en sede parlamentaria que en lo sucesivo, cualquier cargo del Gobierno puesto en entredicho pedir\u00eda que se le aplicase \u201cla \u00e9tica de To\u00f1a\u201d. Alud\u00eda la (artificialmente) encocorada presidenta del PP vasco al dictamen de la comisi\u00f3n correspondiente que hab\u00eda concluido que dos y dos son cuatro. Es decir, que el intento de convertir al reci\u00e9n nombrado Consejero de Empleo en el que mat\u00f3 a Manolete, adem\u00e1s de cantar la Traviata a oportunismo rampl\u00f3n, no colaba y, en consecuencia, no exist\u00eda el menor desdoro en que el aludido ocupara el cargo p\u00fablico para el que hab\u00eda sido leg\u00edtimamente elegido.<\/p>\n<p>Ya en el mismo instante en que escuch\u00e9 a Quiroga hablar de \u201cla \u00e9tica de To\u00f1a\u201d con \u00e1nimo descalificador y tono de desprecio, me dio en pensar lo positivo que ser\u00eda que estuviera m\u00e1s extendido el sistema de valores que rige la conducta del consejero. Me refer\u00eda, sobre todo, a su actuaci\u00f3n en el caso por el que lo hab\u00edan querido crucificar, pero este domingo en los diarios del Grupo Noticias encontr\u00e9 el refuerzo definitivo para mi buena impresi\u00f3n. En un aparte de la entrevista donde avanzaba las l\u00edneas b\u00e1sicas de su gesti\u00f3n, [Enlace roto.]. A la muerte de sus padres, con los que le un\u00eda una \u00edntima amistad, se hab\u00eda hecho cargo de los dos hermanos del joven, que entonces estaba huido. Una vez detenido y encarcelado, tambi\u00e9n se comprometi\u00f3 con \u00e9l. Ojal\u00e1 cundiera la \u201c\u00e9tica de To\u00f1a\u201d, \u00bfno creen?<\/p>\n<!-- AddThis Advanced Settings generic via filter on the_content --><!-- AddThis Share Buttons generic via filter on the_content -->","protected":false},"excerpt":{"rendered":"<p>En ese papel de latigadora que sus asesores a\u00fan no le han dicho que le va fatal y lo pone en pr\u00e1ctica peor, Arantza Quiroga le espet\u00f3 al lehendakari en sede parlamentaria que en lo sucesivo, cualquier cargo del Gobierno puesto en entredicho pedir\u00eda que se le aplicase \u201cla \u00e9tica de To\u00f1a\u201d. Alud\u00eda la (artificialmente) &hellip; <a href=\"https:\/\/blogs.deia.eus\/mas-que-palabras\/2015\/03\/03\/la-etica-de-tona\/\" class=\"more-link\">Sigue leyendo <span class=\"screen-reader-text\">La \u00e9tica de To\u00f1a<\/span><\/a><!-- AddThis Advanced Settings generic via filter on get_the_excerpt --><!-- AddThis Share Buttons generic via filter on get_the_excerpt --><\/p>\n","protected":false},"author":18,"featured_media":0,"comment_status":"open","ping_status":"open","sticky":false,"template":"","format":"standard","meta":{"footnotes":""},"categories":[155],"tags":[66303,20375,122,4990,20369],"class_list":["post-3009","post","type-post","status-publish","format-standard","hentry","category-general","tag-angel-tona","tag-arantza-quiroga","tag-compromiso","tag-etica","tag-oportunismo-politico"],"_links":{"self":[{"href":"https:\/\/blogs.deia.eus\/mas-que-palabras\/wp-json\/wp\/v2\/posts\/3009","targetHints":{"allow":["GET"]}}],"collection":[{"href":"https:\/\/blogs.deia.eus\/mas-que-palabras\/wp-json\/wp\/v2\/posts"}],"about":[{"href":"https:\/\/blogs.deia.eus\/mas-que-palabras\/wp-json\/wp\/v2\/types\/post"}],"author":[{"embeddable":true,"href":"https:\/\/blogs.deia.eus\/mas-que-palabras\/wp-json\/wp\/v2\/users\/18"}],"replies":[{"embeddable":true,"href":"https:\/\/blogs.deia.eus\/mas-que-palabras\/wp-json\/wp\/v2\/comments?post=3009"}],"version-history":[{"count":1,"href":"https:\/\/blogs.deia.eus\/mas-que-palabras\/wp-json\/wp\/v2\/posts\/3009\/revisions"}],"predecessor-version":[{"id":3010,"href":"https:\/\/blogs.deia.eus\/mas-que-palabras\/wp-json\/wp\/v2\/posts\/3009\/revisions\/3010"}],"wp:attachment":[{"href":"https:\/\/blogs.deia.eus\/mas-que-palabras\/wp-json\/wp\/v2\/media?parent=3009"}],"wp:term":[{"taxonomy":"category","embeddable":true,"href":"https:\/\/blogs.deia.eus\/mas-que-palabras\/wp-json\/wp\/v2\/categories?post=3009"},{"taxonomy":"post_tag","embeddable":true,"href":"https:\/\/blogs.deia.eus\/mas-que-palabras\/wp-json\/wp\/v2\/tags?post=3009"}],"curies":[{"name":"wp","href":"https:\/\/api.w.org\/{rel}","templated":true}]}}