{"id":3355,"date":"2015-11-11T11:14:41","date_gmt":"2015-11-11T10:14:41","guid":{"rendered":"http:\/\/blogs.deia.com\/mas-que-palabras\/?p=3355"},"modified":"2015-11-11T11:14:41","modified_gmt":"2015-11-11T10:14:41","slug":"otro-dia-de-la-memoria","status":"publish","type":"post","link":"https:\/\/blogs.deia.eus\/mas-que-palabras\/2015\/11\/11\/otro-dia-de-la-memoria\/","title":{"rendered":"(Otro) d\u00eda de la memoria"},"content":{"rendered":"<p>El D\u00eda de la Memoria empieza a ser el de la marmota. Con este, van ya seis a\u00f1os en los que, matiz arriba o abajo, hemos vuelto a ver, escuchar y, por lo que a los de mi oficio toca, contar pr\u00e1cticamente lo mismo. Incapacidad para la unidad entre los partidos, desmarques, acusaciones cruzadas de utilizaci\u00f3n de las v\u00edctimas o de hipocres\u00eda, intentos de monopolizar el sufrimiento\u2026 La tentaci\u00f3n del hast\u00edo es demasiado grande. Eso, entre los que todav\u00eda estamos dispuestos a dedicar tiempo, neuronas y energ\u00edas a un asunto del que el com\u00fan de los paisanos \u2014pregunten a sus vecinos en el ascensor\u2014 ni siquiera llega a tener conocimiento. Y si lo tiene porque en los medios nos empe\u00f1amos en dar la chapa, el inter\u00e9s alcanza la millon\u00e9sima de segundo necesaria para poner la mente en blanco y hacer que las palabras y las im\u00e1genes resbalen sin dejar el menor poso.<\/p>\n<p>Claro que tampoco hemos de fustigarnos por eso. Mil veces he escrito, y con esta, mil una, que ese desinter\u00e9s no necesariamente responde al ego\u00edsmo o a la falta de sensibilidad de todos los que lo manifiestan. En m\u00e1s de un caso, dir\u00eda incluso que es s\u00edntoma de que, sin necesidad de tanto palabro buenrollista y tanta prosodia, una parte considerable de esta sociedad ya est\u00e1 practicando eso sobre lo que no dejamos de teorizar. A falta de un t\u00e9rmino mejor, normalidad se llama.<\/p>\n<p>Por lo dem\u00e1s, sigo pensando que la instauraci\u00f3n de esta conmemoraci\u00f3n no fue una idea muy brillante, y que el bienintencionado esfuerzo por mantenerla conduce a aumentar el caudal com\u00fan de la melancol\u00eda. A pesar de todo, aprecio sinceramente algunos de los gestos que se han dado.<\/p>\n<!-- AddThis Advanced Settings generic via filter on the_content --><!-- AddThis Share Buttons generic via filter on the_content -->","protected":false},"excerpt":{"rendered":"<p>El D\u00eda de la Memoria empieza a ser el de la marmota. Con este, van ya seis a\u00f1os en los que, matiz arriba o abajo, hemos vuelto a ver, escuchar y, por lo que a los de mi oficio toca, contar pr\u00e1cticamente lo mismo. Incapacidad para la unidad entre los partidos, desmarques, acusaciones cruzadas de &hellip; <a href=\"https:\/\/blogs.deia.eus\/mas-que-palabras\/2015\/11\/11\/otro-dia-de-la-memoria\/\" class=\"more-link\">Sigue leyendo <span class=\"screen-reader-text\">(Otro) d\u00eda de la memoria<\/span><\/a><!-- AddThis Advanced Settings generic via filter on get_the_excerpt --><!-- AddThis Share Buttons generic via filter on get_the_excerpt --><\/p>\n","protected":false},"author":18,"featured_media":0,"comment_status":"open","ping_status":"open","sticky":false,"template":"","format":"standard","meta":{"footnotes":""},"categories":[155],"tags":[5032,15839,17,4432,4635,4332,4421,4331,4466],"class_list":["post-3355","post","type-post","status-publish","format-standard","hentry","category-general","tag-dia-de-la-memoria","tag-eh-bildu","tag-eta","tag-memoria","tag-normalizacion","tag-pnv","tag-pp","tag-pse","tag-violencia"],"_links":{"self":[{"href":"https:\/\/blogs.deia.eus\/mas-que-palabras\/wp-json\/wp\/v2\/posts\/3355","targetHints":{"allow":["GET"]}}],"collection":[{"href":"https:\/\/blogs.deia.eus\/mas-que-palabras\/wp-json\/wp\/v2\/posts"}],"about":[{"href":"https:\/\/blogs.deia.eus\/mas-que-palabras\/wp-json\/wp\/v2\/types\/post"}],"author":[{"embeddable":true,"href":"https:\/\/blogs.deia.eus\/mas-que-palabras\/wp-json\/wp\/v2\/users\/18"}],"replies":[{"embeddable":true,"href":"https:\/\/blogs.deia.eus\/mas-que-palabras\/wp-json\/wp\/v2\/comments?post=3355"}],"version-history":[{"count":1,"href":"https:\/\/blogs.deia.eus\/mas-que-palabras\/wp-json\/wp\/v2\/posts\/3355\/revisions"}],"predecessor-version":[{"id":3356,"href":"https:\/\/blogs.deia.eus\/mas-que-palabras\/wp-json\/wp\/v2\/posts\/3355\/revisions\/3356"}],"wp:attachment":[{"href":"https:\/\/blogs.deia.eus\/mas-que-palabras\/wp-json\/wp\/v2\/media?parent=3355"}],"wp:term":[{"taxonomy":"category","embeddable":true,"href":"https:\/\/blogs.deia.eus\/mas-que-palabras\/wp-json\/wp\/v2\/categories?post=3355"},{"taxonomy":"post_tag","embeddable":true,"href":"https:\/\/blogs.deia.eus\/mas-que-palabras\/wp-json\/wp\/v2\/tags?post=3355"}],"curies":[{"name":"wp","href":"https:\/\/api.w.org\/{rel}","templated":true}]}}