{"id":3480,"date":"2016-02-02T10:32:58","date_gmt":"2016-02-02T09:32:58","guid":{"rendered":"http:\/\/blogs.deia.com\/mas-que-palabras\/?p=3480"},"modified":"2016-02-01T20:46:07","modified_gmt":"2016-02-01T19:46:07","slug":"negociar-la-precampana","status":"publish","type":"post","link":"https:\/\/blogs.deia.eus\/mas-que-palabras\/2016\/02\/02\/negociar-la-precampana\/","title":{"rendered":"Negociar&#8230; la precampa\u00f1a"},"content":{"rendered":"<p>Comparto con ustedes una sospecha con su tanto de mala conciencia: les estamos enga\u00f1ando. Desde el 20-D a las diez de la noche no dejamos de hablar de negociaciones para la investidura. Quiz\u00e1 en los primeros d\u00edas la expresi\u00f3n se compadec\u00eda con la verdad. Sin embargo, conforme corr\u00eda el calendario y se mareaba a la sufrida perdiz, la cosa ha empezado a oler a precampa\u00f1a que echa para atr\u00e1s. Se dir\u00eda que la mayor\u00eda de los actores y actrices de la farsa y no pocos de los espectadores no buscan ning\u00fan pacto \u2014que, por lo dem\u00e1s, saben improbable e intuyen escasamente deseable\u2014, sino que exhiben huchas petitorias de votos. En algunos casos, con un descaro rayano en la obscenidad, cuando no con matonismo de nuevo rico.<\/p>\n<p>No tendr\u00e9 el menor problema en desdecirme si, como vimos casi anteayer en Catalunya, en el \u00faltimo suspiro se alcanza alg\u00fan apa\u00f1o a la desesperada, con o sin pintas de patada a seguir, y que sea lo que los Hados quieran. No obstante, en el minuto en curso, y por m\u00e1s que los titulares-que-van-a-misa proclamen que ya se negocia a todo trapo, mi escepticismo no deja de crecer.<\/p>\n<p>Y bien que me gustar\u00eda, siquiera para ver qu\u00e9 tal funciona, un acuerdo entre PSOE, las cuatro marcas de Podemos y las siglas que hicieran falta para bingo, incluyendo el apoyo activo o pasivo del PNV y, si le cuadra, EH Bildu. Poca pinta tiene de que algo as\u00ed vaya a prosperar. De entrada, porque es una carambola a demasiadas bandas, pero adem\u00e1s, porque se enfrenta a mil resistencias en el seno de cada una de las fuerzas que deber\u00edan configurar el convoy gubernamental. Que sea lo que tenga que ser, pero pronto, por favor.<\/p>\n<!-- AddThis Advanced Settings generic via filter on the_content --><!-- AddThis Share Buttons generic via filter on the_content -->","protected":false},"excerpt":{"rendered":"<p>Comparto con ustedes una sospecha con su tanto de mala conciencia: les estamos enga\u00f1ando. Desde el 20-D a las diez de la noche no dejamos de hablar de negociaciones para la investidura. Quiz\u00e1 en los primeros d\u00edas la expresi\u00f3n se compadec\u00eda con la verdad. Sin embargo, conforme corr\u00eda el calendario y se mareaba a la &hellip; <a href=\"https:\/\/blogs.deia.eus\/mas-que-palabras\/2016\/02\/02\/negociar-la-precampana\/\" class=\"more-link\">Sigue leyendo <span class=\"screen-reader-text\">Negociar&#8230; la precampa\u00f1a<\/span><\/a><!-- AddThis Advanced Settings generic via filter on get_the_excerpt --><!-- AddThis Share Buttons generic via filter on get_the_excerpt --><\/p>\n","protected":false},"author":18,"featured_media":0,"comment_status":"open","ping_status":"open","sticky":false,"template":"","format":"standard","meta":{"footnotes":""},"categories":[155],"tags":[20379,15839,77906,5099,4889,4868,85321,63945,53649,4332,47771,4421,85320,4663],"class_list":["post-3480","post","type-post","status-publish","format-standard","hentry","category-general","tag-acuerdos","tag-eh-bildu","tag-elecciones-20-d","tag-investidura","tag-mariano-rajoy","tag-negociacion","tag-nuevas-elecciones","tag-pablo-iglesias-turrion","tag-pedro-sanchez","tag-pnv","tag-podemos","tag-pp","tag-precampana","tag-psoe"],"_links":{"self":[{"href":"https:\/\/blogs.deia.eus\/mas-que-palabras\/wp-json\/wp\/v2\/posts\/3480","targetHints":{"allow":["GET"]}}],"collection":[{"href":"https:\/\/blogs.deia.eus\/mas-que-palabras\/wp-json\/wp\/v2\/posts"}],"about":[{"href":"https:\/\/blogs.deia.eus\/mas-que-palabras\/wp-json\/wp\/v2\/types\/post"}],"author":[{"embeddable":true,"href":"https:\/\/blogs.deia.eus\/mas-que-palabras\/wp-json\/wp\/v2\/users\/18"}],"replies":[{"embeddable":true,"href":"https:\/\/blogs.deia.eus\/mas-que-palabras\/wp-json\/wp\/v2\/comments?post=3480"}],"version-history":[{"count":1,"href":"https:\/\/blogs.deia.eus\/mas-que-palabras\/wp-json\/wp\/v2\/posts\/3480\/revisions"}],"predecessor-version":[{"id":3481,"href":"https:\/\/blogs.deia.eus\/mas-que-palabras\/wp-json\/wp\/v2\/posts\/3480\/revisions\/3481"}],"wp:attachment":[{"href":"https:\/\/blogs.deia.eus\/mas-que-palabras\/wp-json\/wp\/v2\/media?parent=3480"}],"wp:term":[{"taxonomy":"category","embeddable":true,"href":"https:\/\/blogs.deia.eus\/mas-que-palabras\/wp-json\/wp\/v2\/categories?post=3480"},{"taxonomy":"post_tag","embeddable":true,"href":"https:\/\/blogs.deia.eus\/mas-que-palabras\/wp-json\/wp\/v2\/tags?post=3480"}],"curies":[{"name":"wp","href":"https:\/\/api.w.org\/{rel}","templated":true}]}}