{"id":5304,"date":"2019-06-06T09:35:44","date_gmt":"2019-06-06T07:35:44","guid":{"rendered":"http:\/\/blogs.deia.eus\/mas-que-palabras\/?p=5304"},"modified":"2019-06-06T03:51:36","modified_gmt":"2019-06-06T01:51:36","slug":"borbon-en-off","status":"publish","type":"post","link":"https:\/\/blogs.deia.eus\/mas-que-palabras\/2019\/06\/06\/borbon-en-off\/","title":{"rendered":"Borb\u00f3n en off"},"content":{"rendered":"\n<p>Se\nha ido el Borb\u00f3n mayor, y no para Barranquilla, precisamente. Por lo\nvisto, enfila el \u00faltimo tramo de su peripecia vital, y anticipa ese\nmomento empalagoso en el que la cortesan\u00eda chupadora nos llenar\u00e1 de\nbabas glosando sus gestas sin igual. De hecho, algo hay de\nmen\u00fa-degustaci\u00f3n de ese reguero de melaza en esta, su segunda\nmarcha en cinco a\u00f1os. Pocos se atrever\u00e1n a hacerlo, pero cabr\u00eda\napuntar que debi\u00f3 bastar con la primera. \u00bfQu\u00e9 carajo es, si no,\nuna abdicaci\u00f3n? Supusimos, y algo as\u00ed nos contaron, que el\ncampechano se quitaba de foco y, salvo momentos requetexcepcionales,\nsu siguiente aparici\u00f3n ser\u00eda en una caja antes de ser facturado a\nese lugar de El Escorial bautizado con gusto mejorable como <em>pudridero\nde reyes<\/em>. Ya hemos visto que no. Pese a su prematura decrepitud\nmanifiesta, el tipo se las ha arreglado para hacerse ver en diversas\njaranas propias de su regia condici\u00f3n. Y cuando se le ha intentado\nhacer luz de gas, el fulano ha sido capaz de montar una barrila lo\nsuficientemente audible.<\/p>\n\n\n\n<p>Ahora,\nsin embargo, nos juran que es la buena. Mantiene cuatro frusler\u00edas\nprotocolarias, una ping\u00fce asignaci\u00f3n que tampoco parece que vaya a\nser capaz de pulirse, dado su estado, y, lo m\u00e1s importante, su\nblindaje jur\u00eddico. Por si alguien lo dudaba, no ser\u00e1n los\ntribunales quienes lo juzguen, y mucho me temo que tampoco la\nHistoria. Aunque en su \u00faltima etapa en activo pareci\u00f3 que  por fin\nca\u00eda la mordaza sobre c\u00f3mo las gastaba, desde el minuto uno de su\nabdicaci\u00f3n, hemos asistido a un blanqueo nuclear de sus cuarenta\na\u00f1os como sucesor de Franco a t\u00edtulo de rey\u2026 y de los que vengan\nde su hijo ocupando el mismo trono.<\/p>\n<!-- AddThis Advanced Settings generic via filter on the_content --><!-- AddThis Share Buttons generic via filter on the_content -->","protected":false},"excerpt":{"rendered":"<p>Se ha ido el Borb\u00f3n mayor, y no para Barranquilla, precisamente. Por lo visto, enfila el \u00faltimo tramo de su peripecia vital, y anticipa ese momento empalagoso en el que la cortesan\u00eda chupadora nos llenar\u00e1 de babas glosando sus gestas sin igual. De hecho, algo hay de men\u00fa-degustaci\u00f3n de ese reguero de melaza en esta, &hellip; <a href=\"https:\/\/blogs.deia.eus\/mas-que-palabras\/2019\/06\/06\/borbon-en-off\/\" class=\"more-link\">Sigue leyendo <span class=\"screen-reader-text\">Borb\u00f3n en off<\/span><\/a><!-- AddThis Advanced Settings generic via filter on get_the_excerpt --><!-- AddThis Share Buttons generic via filter on get_the_excerpt --><\/p>\n","protected":false},"author":18,"featured_media":0,"comment_status":"open","ping_status":"open","sticky":false,"template":"","format":"standard","meta":{"footnotes":""},"categories":[155],"tags":[28796,480,147656,4523,5336,147655],"class_list":["post-5304","post","type-post","status-publish","format-standard","hentry","category-general","tag-abdicacion","tag-felipe-de-borbon","tag-inviolabilidad","tag-juan-carlos-de-borbon","tag-monarquia-espanola","tag-retiro"],"_links":{"self":[{"href":"https:\/\/blogs.deia.eus\/mas-que-palabras\/wp-json\/wp\/v2\/posts\/5304","targetHints":{"allow":["GET"]}}],"collection":[{"href":"https:\/\/blogs.deia.eus\/mas-que-palabras\/wp-json\/wp\/v2\/posts"}],"about":[{"href":"https:\/\/blogs.deia.eus\/mas-que-palabras\/wp-json\/wp\/v2\/types\/post"}],"author":[{"embeddable":true,"href":"https:\/\/blogs.deia.eus\/mas-que-palabras\/wp-json\/wp\/v2\/users\/18"}],"replies":[{"embeddable":true,"href":"https:\/\/blogs.deia.eus\/mas-que-palabras\/wp-json\/wp\/v2\/comments?post=5304"}],"version-history":[{"count":1,"href":"https:\/\/blogs.deia.eus\/mas-que-palabras\/wp-json\/wp\/v2\/posts\/5304\/revisions"}],"predecessor-version":[{"id":5305,"href":"https:\/\/blogs.deia.eus\/mas-que-palabras\/wp-json\/wp\/v2\/posts\/5304\/revisions\/5305"}],"wp:attachment":[{"href":"https:\/\/blogs.deia.eus\/mas-que-palabras\/wp-json\/wp\/v2\/media?parent=5304"}],"wp:term":[{"taxonomy":"category","embeddable":true,"href":"https:\/\/blogs.deia.eus\/mas-que-palabras\/wp-json\/wp\/v2\/categories?post=5304"},{"taxonomy":"post_tag","embeddable":true,"href":"https:\/\/blogs.deia.eus\/mas-que-palabras\/wp-json\/wp\/v2\/tags?post=5304"}],"curies":[{"name":"wp","href":"https:\/\/api.w.org\/{rel}","templated":true}]}}