{"id":6215,"date":"2021-03-03T10:42:27","date_gmt":"2021-03-03T09:42:27","guid":{"rendered":"http:\/\/blogs.deia.eus\/mas-que-palabras\/?p=6215"},"modified":"2021-03-03T10:43:48","modified_gmt":"2021-03-03T09:43:48","slug":"3-de-marzo-45-anos","status":"publish","type":"post","link":"https:\/\/blogs.deia.eus\/mas-que-palabras\/2021\/03\/03\/3-de-marzo-45-anos\/","title":{"rendered":"3 de marzo, 45 a\u00f1os"},"content":{"rendered":"\n<p>Sin desde\u00f1ar ninguno, de los aniversarios que se nos han venido y se nos vienen encima estos d\u00edas, me quedo con el de hoy. 45 a\u00f1os de la matanza de Gasteiz. Por fortuna, a diferencia de much\u00edsimos otros casos, esta vez s\u00ed se ha conseguido mantener vivo el recuerdo de lo que el propio patrullero que hablaba por radio con sus jefes calific\u00f3 como masacre. Desde el primer minuto, pr\u00e1cticamente desde el conmovedor e indescriptible funeral por los cinco asesinados, los supervivientes, las familias, el movimiento obrero, la mayor\u00eda de los partidos pol\u00edticos y una parte no peque\u00f1a de los vecinos de la capital alavesa se conjuraron contra el olvido. Y con los a\u00f1os entrar\u00edan tambi\u00e9n las instituciones, aunque no todas: las gobernadas por el PP siempre evitaron no ya la condena, sino una m\u00ednima reprobaci\u00f3n.<\/p>\n\n\n\n<p>Esa cerrilidad con aroma culpable no ha impedido, como digo, que en Gasteiz \u2014y dir\u00eda que en cualquier lugar del Estado\u2014 se tenga una conciencia muy n\u00edtida de la injusticia todav\u00eda sin reparar que cometieron hace tres decenios y medio personas cuya responsabilidad tampoco ha sido se\u00f1alada por los \u00f3rganos supuestamente competentes. Ese deber\u00eda ser el siguiente paso. Sin \u00e1nimo de venganza, y aunque ni siquiera acarree consecuencias penales, es necesario que quede claro qui\u00e9nes fueron los culpables.<\/p>\n<!-- AddThis Advanced Settings generic via filter on the_content --><!-- AddThis Share Buttons generic via filter on the_content -->","protected":false},"excerpt":{"rendered":"<p>Sin desde\u00f1ar ninguno, de los aniversarios que se nos han venido y se nos vienen encima estos d\u00edas, me quedo con el de hoy. 45 a\u00f1os de la matanza de Gasteiz. Por fortuna, a diferencia de much\u00edsimos otros casos, esta vez s\u00ed se ha conseguido mantener vivo el recuerdo de lo que el propio patrullero &hellip; <a href=\"https:\/\/blogs.deia.eus\/mas-que-palabras\/2021\/03\/03\/3-de-marzo-45-anos\/\" class=\"more-link\">Sigue leyendo <span class=\"screen-reader-text\">3 de marzo, 45 a\u00f1os<\/span><\/a><!-- AddThis Advanced Settings generic via filter on get_the_excerpt --><!-- AddThis Share Buttons generic via filter on get_the_excerpt --><\/p>\n","protected":false},"author":18,"featured_media":0,"comment_status":"open","ping_status":"open","sticky":false,"template":"","format":"standard","meta":{"footnotes":""},"categories":[155],"tags":[4916,4914,6059,4347,4432,5199,4797,5197],"class_list":["post-6215","post","type-post","status-publish","format-standard","hentry","category-general","tag-3-de-marzo","tag-franquismo","tag-gasteiz","tag-justicia","tag-memoria","tag-reparacion","tag-responsabilidad","tag-violencia-policial"],"_links":{"self":[{"href":"https:\/\/blogs.deia.eus\/mas-que-palabras\/wp-json\/wp\/v2\/posts\/6215","targetHints":{"allow":["GET"]}}],"collection":[{"href":"https:\/\/blogs.deia.eus\/mas-que-palabras\/wp-json\/wp\/v2\/posts"}],"about":[{"href":"https:\/\/blogs.deia.eus\/mas-que-palabras\/wp-json\/wp\/v2\/types\/post"}],"author":[{"embeddable":true,"href":"https:\/\/blogs.deia.eus\/mas-que-palabras\/wp-json\/wp\/v2\/users\/18"}],"replies":[{"embeddable":true,"href":"https:\/\/blogs.deia.eus\/mas-que-palabras\/wp-json\/wp\/v2\/comments?post=6215"}],"version-history":[{"count":1,"href":"https:\/\/blogs.deia.eus\/mas-que-palabras\/wp-json\/wp\/v2\/posts\/6215\/revisions"}],"predecessor-version":[{"id":6216,"href":"https:\/\/blogs.deia.eus\/mas-que-palabras\/wp-json\/wp\/v2\/posts\/6215\/revisions\/6216"}],"wp:attachment":[{"href":"https:\/\/blogs.deia.eus\/mas-que-palabras\/wp-json\/wp\/v2\/media?parent=6215"}],"wp:term":[{"taxonomy":"category","embeddable":true,"href":"https:\/\/blogs.deia.eus\/mas-que-palabras\/wp-json\/wp\/v2\/categories?post=6215"},{"taxonomy":"post_tag","embeddable":true,"href":"https:\/\/blogs.deia.eus\/mas-que-palabras\/wp-json\/wp\/v2\/tags?post=6215"}],"curies":[{"name":"wp","href":"https:\/\/api.w.org\/{rel}","templated":true}]}}