{"id":6415,"date":"2021-07-07T09:18:48","date_gmt":"2021-07-07T07:18:48","guid":{"rendered":"https:\/\/blogs.deia.eus\/mas-que-palabras\/?p=6415"},"modified":"2021-07-07T09:18:49","modified_gmt":"2021-07-07T07:18:49","slug":"malvenida-quinta-ola","status":"publish","type":"post","link":"https:\/\/blogs.deia.eus\/mas-que-palabras\/2021\/07\/07\/malvenida-quinta-ola\/","title":{"rendered":"Malvenida, quinta ola"},"content":{"rendered":"\n<p>Est\u00e1bamos tan contentos haci\u00e9ndonos selfis mientras nos vacun\u00e1bamos, que no la vimos venir. Pero ah\u00ed est\u00e1 la quinta ola, marcando una vertical endiablada que parece un calco de la etapa del Mont Ventoux que se va a subir hoy en el Tour. Sinceramente, hacemos el rid\u00edculo m\u00e1s espantoso si nos preguntamos c\u00f3mo ha podido pasar. Las abrumadoras cifras cantan sobre entre qui\u00e9nes y d\u00f3nde ocurren los contagios. Y sin rascar mucho, hallamos tambi\u00e9n el porqu\u00e9, que no solo reside en la irresponsabilidad inconsciente de ciertos j\u00f3venes, sino en la evidencia de que hace unas semanas, coincidiendo con el fin del estado de alarma, se decret\u00f3 el fin de la pandemia. Como en las primeras semanas la cosa fue bastante mejor de lo esperado, hasta los m\u00e1s cenizos nos cre\u00edmos la fantas\u00eda animada. Poco tard\u00f3 el virus en venir con la rebaja, enfundado para m\u00e1s acojone en una variante, la Delta, que parece que se transmite con la mirada. La gran faena es que esta nueva acometida nos pilla con moral negacionista, r\u00edanse ustedes de Bos\u00e9. La asamblea de majaras ha decidido que, se ponga como se ponga la curva, nos toca sol y buen tiempo. No se aceptar\u00e1 de buen grado una vuelta de tuerca a las restricciones que no sea de cara a la galer\u00eda. Como la insignificante marcha atr\u00e1s decretada por Nafarroa a principios de semana o como los retoques testimoniales que probablemente aprobar\u00e1 hoy el LABI en la CAV. Personalmente, y a riesgo de ser tildado como revientaglobos, creo que no estar\u00eda de m\u00e1s curarse literalmente en salud y ponernos a cubierto a ver si escampa el aguacero de positivos de los cachorros de la manada. Ojal\u00e1 su anunciada vacunaci\u00f3n ayude.<\/p>\n<!-- AddThis Advanced Settings generic via filter on the_content --><!-- AddThis Share Buttons generic via filter on the_content -->","protected":false},"excerpt":{"rendered":"<p>Est\u00e1bamos tan contentos haci\u00e9ndonos selfis mientras nos vacun\u00e1bamos, que no la vimos venir. Pero ah\u00ed est\u00e1 la quinta ola, marcando una vertical endiablada que parece un calco de la etapa del Mont Ventoux que se va a subir hoy en el Tour. Sinceramente, hacemos el rid\u00edculo m\u00e1s espantoso si nos preguntamos c\u00f3mo ha podido pasar. &hellip; <a href=\"https:\/\/blogs.deia.eus\/mas-que-palabras\/2021\/07\/07\/malvenida-quinta-ola\/\" class=\"more-link\">Sigue leyendo <span class=\"screen-reader-text\">Malvenida, quinta ola<\/span><\/a><!-- AddThis Advanced Settings generic via filter on get_the_excerpt --><!-- AddThis Share Buttons generic via filter on get_the_excerpt --><\/p>\n","protected":false},"author":18,"featured_media":0,"comment_status":"open","ping_status":"open","sticky":false,"template":"","format":"standard","meta":{"footnotes":""},"categories":[155],"tags":[158806,4733,161902,158071,164884,161840],"class_list":["post-6415","post","type-post","status-publish","format-standard","hentry","category-general","tag-contagios","tag-jovenes","tag-labi","tag-pandemia","tag-quinta-ola","tag-restricciones"],"_links":{"self":[{"href":"https:\/\/blogs.deia.eus\/mas-que-palabras\/wp-json\/wp\/v2\/posts\/6415","targetHints":{"allow":["GET"]}}],"collection":[{"href":"https:\/\/blogs.deia.eus\/mas-que-palabras\/wp-json\/wp\/v2\/posts"}],"about":[{"href":"https:\/\/blogs.deia.eus\/mas-que-palabras\/wp-json\/wp\/v2\/types\/post"}],"author":[{"embeddable":true,"href":"https:\/\/blogs.deia.eus\/mas-que-palabras\/wp-json\/wp\/v2\/users\/18"}],"replies":[{"embeddable":true,"href":"https:\/\/blogs.deia.eus\/mas-que-palabras\/wp-json\/wp\/v2\/comments?post=6415"}],"version-history":[{"count":1,"href":"https:\/\/blogs.deia.eus\/mas-que-palabras\/wp-json\/wp\/v2\/posts\/6415\/revisions"}],"predecessor-version":[{"id":6416,"href":"https:\/\/blogs.deia.eus\/mas-que-palabras\/wp-json\/wp\/v2\/posts\/6415\/revisions\/6416"}],"wp:attachment":[{"href":"https:\/\/blogs.deia.eus\/mas-que-palabras\/wp-json\/wp\/v2\/media?parent=6415"}],"wp:term":[{"taxonomy":"category","embeddable":true,"href":"https:\/\/blogs.deia.eus\/mas-que-palabras\/wp-json\/wp\/v2\/categories?post=6415"},{"taxonomy":"post_tag","embeddable":true,"href":"https:\/\/blogs.deia.eus\/mas-que-palabras\/wp-json\/wp\/v2\/tags?post=6415"}],"curies":[{"name":"wp","href":"https:\/\/api.w.org\/{rel}","templated":true}]}}