{"id":6908,"date":"2022-06-02T15:36:35","date_gmt":"2022-06-02T13:36:35","guid":{"rendered":"https:\/\/blogs.deia.eus\/mas-que-palabras\/?p=6908"},"modified":"2022-06-02T15:36:37","modified_gmt":"2022-06-02T13:36:37","slug":"eneko-andueza-afan-de-protagonismo","status":"publish","type":"post","link":"https:\/\/blogs.deia.eus\/mas-que-palabras\/2022\/06\/02\/eneko-andueza-afan-de-protagonismo\/","title":{"rendered":"Eneko Andueza, af\u00e1n de protagonismo"},"content":{"rendered":"\n<p>Asisto con creciente perplejidad a la caracterizaci\u00f3n de Eneko Andueza \u2014no s\u00e9 si buscada, por inercia o por malos consejos\u2014 como provocador de cag\u00fcentales en Sabin Etxea y generador de mal rollito en Ajuria Enea. Aunque antes de ser elegido como secretario general del PSE ya ten\u00eda presentada alguna bibliograf\u00eda en materia de titulares punzantes, tiradillas o cargas de profundidad, nada hac\u00eda prever que tras la sustituci\u00f3n efectiva de Idoia Mendia se fuera a convertir en el pir\u00f3mano dial\u00e9ctico que est\u00e1 demostrando ser. Al contrario, parec\u00eda un tipo cercano, incluso emp\u00e1tico, capaz de tejer complicidades a varias bandas, firme en la defensa de sus ideas pero m\u00e1s partidario de apagar fuegos que de encenderlos.<br>Conociendo un poco el pa\u00f1o comunicativo y con unas nociones de psicolog\u00eda parda sobre los l\u00edderes reci\u00e9n proclamados, tiendo a pensar que el amante de la tauromaquia Andueza le ha cogido gusto a entrar a cada trapo que le ponen mis compa\u00f1eros de oficio. Buenos somos los plum\u00edferos cuando detectamos a alguien que, tras acumular quinquenios sin que nadie le hiciera el menor caso, descubre que de pronto sus piadas merecen unas letras gordas y unas comillas al principio y al final. El problema, como ocurre con los chantajes y las adicciones, es que la siguiente mordida o la siguiente dosis debe ser mayor. Y as\u00ed se ingresa en una espiral de consecuencias impredecibles.<br>Salvo que este humilde tecleador est\u00e9 muy equivocado, ahora mismo no hay gran riesgo de romper los diversos pactos de gobierno entre PNV y PSE. Las bases son s\u00f3lidas y ambos partidos saben que se necesitar\u00e1n aqu\u00ed y en Madrid durante un tiempo. As\u00ed que mejor no andar jugando.<\/p>\n<!-- AddThis Advanced Settings generic via filter on the_content --><!-- AddThis Share Buttons generic via filter on the_content -->","protected":false},"excerpt":{"rendered":"<p>Asisto con creciente perplejidad a la caracterizaci\u00f3n de Eneko Andueza \u2014no s\u00e9 si buscada, por inercia o por malos consejos\u2014 como provocador de cag\u00fcentales en Sabin Etxea y generador de mal rollito en Ajuria Enea. Aunque antes de ser elegido como secretario general del PSE ya ten\u00eda presentada alguna bibliograf\u00eda en materia de titulares punzantes, &hellip; <a href=\"https:\/\/blogs.deia.eus\/mas-que-palabras\/2022\/06\/02\/eneko-andueza-afan-de-protagonismo\/\" class=\"more-link\">Sigue leyendo <span class=\"screen-reader-text\">Eneko Andueza, af\u00e1n de protagonismo<\/span><\/a><!-- AddThis Advanced Settings generic via filter on get_the_excerpt --><!-- AddThis Share Buttons generic via filter on get_the_excerpt --><\/p>\n","protected":false},"author":18,"featured_media":0,"comment_status":"open","ping_status":"open","sticky":false,"template":"","format":"standard","meta":{"footnotes":""},"categories":[155],"tags":[],"class_list":["post-6908","post","type-post","status-publish","format-standard","hentry","category-general"],"_links":{"self":[{"href":"https:\/\/blogs.deia.eus\/mas-que-palabras\/wp-json\/wp\/v2\/posts\/6908","targetHints":{"allow":["GET"]}}],"collection":[{"href":"https:\/\/blogs.deia.eus\/mas-que-palabras\/wp-json\/wp\/v2\/posts"}],"about":[{"href":"https:\/\/blogs.deia.eus\/mas-que-palabras\/wp-json\/wp\/v2\/types\/post"}],"author":[{"embeddable":true,"href":"https:\/\/blogs.deia.eus\/mas-que-palabras\/wp-json\/wp\/v2\/users\/18"}],"replies":[{"embeddable":true,"href":"https:\/\/blogs.deia.eus\/mas-que-palabras\/wp-json\/wp\/v2\/comments?post=6908"}],"version-history":[{"count":1,"href":"https:\/\/blogs.deia.eus\/mas-que-palabras\/wp-json\/wp\/v2\/posts\/6908\/revisions"}],"predecessor-version":[{"id":6909,"href":"https:\/\/blogs.deia.eus\/mas-que-palabras\/wp-json\/wp\/v2\/posts\/6908\/revisions\/6909"}],"wp:attachment":[{"href":"https:\/\/blogs.deia.eus\/mas-que-palabras\/wp-json\/wp\/v2\/media?parent=6908"}],"wp:term":[{"taxonomy":"category","embeddable":true,"href":"https:\/\/blogs.deia.eus\/mas-que-palabras\/wp-json\/wp\/v2\/categories?post=6908"},{"taxonomy":"post_tag","embeddable":true,"href":"https:\/\/blogs.deia.eus\/mas-que-palabras\/wp-json\/wp\/v2\/tags?post=6908"}],"curies":[{"name":"wp","href":"https:\/\/api.w.org\/{rel}","templated":true}]}}